{"id":19421,"date":"2025-02-16T18:28:54","date_gmt":"2025-02-16T15:28:54","guid":{"rendered":"https:\/\/www.egemtv.com\/?p=19421"},"modified":"2025-02-16T18:28:59","modified_gmt":"2025-02-16T15:28:59","slug":"koskte-egitim-planlama-toplantisi-gerceklestirildi","status":"publish","type":"post","link":"https:\/\/www.egemtv.com\/?p=19421","title":{"rendered":"K\u00f6\u015fk\u2019te e\u011fitim planlama toplant\u0131s\u0131 ger\u00e7ekle\u015ftirildi"},"content":{"rendered":"<p>K\u00f6\u015fk il\u00e7e Milli E\u011fitim M\u00fcd\u00fcrl\u00fc\u011f\u00fc  2024-2025 E\u011fitim \u00d6\u011fretim Y\u0131l\u0131 ikinci d\u00f6nem e\u011fitim planlama toplant\u0131s\u0131 K\u00f6\u015fk. 100. Y\u0131l Atat\u00fcrk \u0130lkokulu\u2019nda ger\u00e7ekle\u015fti.<br \/>\n<br \/>K\u00f6\u015fk il\u00e7e Milli E\u011fitim M\u00fcd\u00fcr\u00fc Selim Karata\u015f\u2019\u0131n ba\u015fkanl\u0131\u011f\u0131nda yap\u0131lan toplant\u0131ya K\u00f6\u015fk il\u00e7esinde bulunan t\u00fcm ilkokul ve ortaokul m\u00fcd\u00fcrleri kat\u0131ld\u0131. Toplant\u0131da birinci d\u00f6nem de\u011ferlendirmesi yap\u0131l\u0131rken ikinci d\u00f6nemde yap\u0131lacak \u00e7al\u0131\u015fmalar planland\u0131. Karata\u015f, ikinci d\u00f6nemin K\u00f6\u015fk il\u00e7esinde e\u011fitim g\u00f6ren \u00f6\u011frencilere, okul y\u00f6neticilerine ve \u00f6\u011fretmenlerine hay\u0131rl\u0131 olmas\u0131 temennisinde bulundu.<br \/><\/p>\n","protected":false},"excerpt":{"rendered":"<p>K\u00f6\u015fk il\u00e7e Milli E\u011fitim M\u00fcd\u00fcrl\u00fc\u011f\u00fc 2024-2025 E\u011fitim \u00d6\u011fretim Y\u0131l\u0131 ikinci d\u00f6nem e\u011fitim planlama toplant\u0131s\u0131 K\u00f6\u015fk. 100. Y\u0131l Atat\u00fcrk \u0130lkokulu\u2019nda ger\u00e7ekle\u015fti. K\u00f6\u015fk il\u00e7e Milli E\u011fitim M\u00fcd\u00fcr\u00fc Selim Karata\u015f\u2019\u0131n ba\u015fkanl\u0131\u011f\u0131nda yap\u0131lan toplant\u0131ya K\u00f6\u015fk il\u00e7esinde bulunan t\u00fcm ilkokul ve ortaokul m\u00fcd\u00fcrleri kat\u0131ld\u0131. Toplant\u0131da birinci d\u00f6nem de\u011ferlendirmesi yap\u0131l\u0131rken ikinci d\u00f6nemde yap\u0131lacak \u00e7al\u0131\u015fmalar planland\u0131. Karata\u015f, ikinci d\u00f6nemin K\u00f6\u015fk il\u00e7esinde e\u011fitim&#8230;<\/p>\n","protected":false},"author":1,"featured_media":19422,"comment_status":"open","ping_status":"open","sticky":false,"template":"","format":"standard","meta":{"_crdt_document":"","footnotes":""},"categories":[1],"tags":[],"class_list":["post-19421","post","type-post","status-publish","format-standard","has-post-thumbnail","hentry","category-guncel"],"_links":{"self":[{"href":"https:\/\/www.egemtv.com\/index.php?rest_route=\/wp\/v2\/posts\/19421","targetHints":{"allow":["GET"]}}],"collection":[{"href":"https:\/\/www.egemtv.com\/index.php?rest_route=\/wp\/v2\/posts"}],"about":[{"href":"https:\/\/www.egemtv.com\/index.php?rest_route=\/wp\/v2\/types\/post"}],"author":[{"embeddable":true,"href":"https:\/\/www.egemtv.com\/index.php?rest_route=\/wp\/v2\/users\/1"}],"replies":[{"embeddable":true,"href":"https:\/\/www.egemtv.com\/index.php?rest_route=%2Fwp%2Fv2%2Fcomments&post=19421"}],"version-history":[{"count":1,"href":"https:\/\/www.egemtv.com\/index.php?rest_route=\/wp\/v2\/posts\/19421\/revisions"}],"predecessor-version":[{"id":19423,"href":"https:\/\/www.egemtv.com\/index.php?rest_route=\/wp\/v2\/posts\/19421\/revisions\/19423"}],"wp:featuredmedia":[{"embeddable":true,"href":"https:\/\/www.egemtv.com\/index.php?rest_route=\/wp\/v2\/media\/19422"}],"wp:attachment":[{"href":"https:\/\/www.egemtv.com\/index.php?rest_route=%2Fwp%2Fv2%2Fmedia&parent=19421"}],"wp:term":[{"taxonomy":"category","embeddable":true,"href":"https:\/\/www.egemtv.com\/index.php?rest_route=%2Fwp%2Fv2%2Fcategories&post=19421"},{"taxonomy":"post_tag","embeddable":true,"href":"https:\/\/www.egemtv.com\/index.php?rest_route=%2Fwp%2Fv2%2Ftags&post=19421"}],"curies":[{"name":"wp","href":"https:\/\/api.w.org\/{rel}","templated":true}]}}