{"id":19418,"date":"2025-02-16T18:13:31","date_gmt":"2025-02-16T15:13:31","guid":{"rendered":"https:\/\/www.egemtv.com\/?p=19418"},"modified":"2025-02-16T18:13:37","modified_gmt":"2025-02-16T15:13:37","slug":"yedinci-bodrun-ultra-maratonu-odul-toreni-ile-sona-erdi","status":"publish","type":"post","link":"https:\/\/www.egemtv.com\/?p=19418","title":{"rendered":"Yedinci Bodrun Ultra Maratonu \u00f6d\u00fcl t\u00f6reni ile sona erdi"},"content":{"rendered":"<p>Bodrum Belediyesi\u2019nin katk\u0131lar\u0131yla bu y\u0131l yedincisi d\u00fczenlenen Bodrun Ultra Maratonu, \u00f6d\u00fcl t\u00f6reni ile sonland\u0131.<\/p>\n<p>&#8220;Ko\u015fu A\u015fk\u0131 BodRUN\u2019da Ya\u015fan\u0131r&#8221; temas\u0131yla 15 \u015eubat Cumartesi g\u00fcn\u00fc ger\u00e7ekle\u015fen maratona 505 sporcu kat\u0131ld\u0131. Bodrum Belediyesi Hakan Aykan K\u00fclt\u00fcr ve Sanat Merkezi\u2019nden start alan sporcular, Kumbah\u00e7e 5K, Halikarnas 10K, Leleg 22K, Herodot 34K ve Bodrun 60K parkurlar\u0131nda yar\u0131\u015ft\u0131. K\u0131yas\u0131ya m\u00fccadele edilen Bodrun Ultra Maratonu\u2019nun \u00f6d\u00fcl t\u00f6reni, Bodrum Belediyesi Hakan Aykan K\u00fclt\u00fcr ve Sanat Merkezi\u2019nde ger\u00e7ekle\u015ftirildi.  T\u00f6rene Belediye Ba\u015fkan\u0131 Tamer Mandalinci\u2019yi temsilen Ba\u015fkan Vekili Kanat \u00d6zsert, meclis \u00fcyeleri, yar\u0131\u015fmac\u0131lar, bas\u0131n mensuplar\u0131 ve vatanda\u015flar kat\u0131ld\u0131.<\/p>\n<p>Bodrum Belediyesi Ba\u015fkan Vekili Kanat \u00d6zsert; &#8220;Bug\u00fcn burada Yedinci Bodrun Ultra Maratonu\u2019nda sizlerle beraber olmaktan mutluluk duyuyorum. Bu g\u00fczel organizasyonda eme\u011fi ge\u00e7en herkese te\u015fekk\u00fcr ederim. Biz de Bodrum Belediyesi olarak sportif faaliyetlerin, sportif etkinliklerin her zaman yan\u0131nda ve en b\u00fcy\u00fck destek\u00e7isi olaca\u011f\u0131z. Ben de bug\u00fcn sizlerle birlikte 5 kilometrelik parkurda yer ald\u0131m. Bodrum\u2019un mavisini g\u00f6rd\u00fcm, Bodrum\u2019un ruhunu hissettim, denizin kokusunu i\u00e7ime \u00e7ektim ve dedim ki ne kadar \u015fansl\u0131y\u0131m Bodrum\u2019da ya\u015f\u0131yorum. Gerek \u015fehir d\u0131\u015f\u0131ndan gelen gerek Bodrum\u2019dan kat\u0131lan b\u00fct\u00fcn sporculara kat\u0131ld\u0131\u011f\u0131 i\u00e7in te\u015fekk\u00fcr ederim. Herkese ba\u015far\u0131lar dilerim. Bir sonraki sportif organizasyonlarda tekrar hep beraber g\u00f6r\u00fc\u015fmek \u00fczere&#8221; dedi.<\/p>\n<p>T\u00f6ren, 60K, 34K, 22K, 10K ve 5K parkurlar\u0131nda kad\u0131nlar ve erkekler kategorilerinde verilen \u00f6d\u00fcllerle sona erdi.<br \/><\/p>\n","protected":false},"excerpt":{"rendered":"<p>Bodrum Belediyesi\u2019nin katk\u0131lar\u0131yla bu y\u0131l yedincisi d\u00fczenlenen Bodrun Ultra Maratonu, \u00f6d\u00fcl t\u00f6reni ile sonland\u0131. &#8220;Ko\u015fu A\u015fk\u0131 BodRUN\u2019da Ya\u015fan\u0131r&#8221; temas\u0131yla 15 \u015eubat Cumartesi g\u00fcn\u00fc ger\u00e7ekle\u015fen maratona 505 sporcu kat\u0131ld\u0131. Bodrum Belediyesi Hakan Aykan K\u00fclt\u00fcr ve Sanat Merkezi\u2019nden start alan sporcular, Kumbah\u00e7e 5K, Halikarnas 10K, Leleg 22K, Herodot 34K ve Bodrun 60K parkurlar\u0131nda yar\u0131\u015ft\u0131. K\u0131yas\u0131ya m\u00fccadele edilen&#8230;<\/p>\n","protected":false},"author":1,"featured_media":19419,"comment_status":"open","ping_status":"open","sticky":false,"template":"","format":"standard","meta":{"_crdt_document":"","footnotes":""},"categories":[4],"tags":[],"class_list":["post-19418","post","type-post","status-publish","format-standard","has-post-thumbnail","hentry","category-spor"],"_links":{"self":[{"href":"https:\/\/www.egemtv.com\/index.php?rest_route=\/wp\/v2\/posts\/19418","targetHints":{"allow":["GET"]}}],"collection":[{"href":"https:\/\/www.egemtv.com\/index.php?rest_route=\/wp\/v2\/posts"}],"about":[{"href":"https:\/\/www.egemtv.com\/index.php?rest_route=\/wp\/v2\/types\/post"}],"author":[{"embeddable":true,"href":"https:\/\/www.egemtv.com\/index.php?rest_route=\/wp\/v2\/users\/1"}],"replies":[{"embeddable":true,"href":"https:\/\/www.egemtv.com\/index.php?rest_route=%2Fwp%2Fv2%2Fcomments&post=19418"}],"version-history":[{"count":1,"href":"https:\/\/www.egemtv.com\/index.php?rest_route=\/wp\/v2\/posts\/19418\/revisions"}],"predecessor-version":[{"id":19420,"href":"https:\/\/www.egemtv.com\/index.php?rest_route=\/wp\/v2\/posts\/19418\/revisions\/19420"}],"wp:featuredmedia":[{"embeddable":true,"href":"https:\/\/www.egemtv.com\/index.php?rest_route=\/wp\/v2\/media\/19419"}],"wp:attachment":[{"href":"https:\/\/www.egemtv.com\/index.php?rest_route=%2Fwp%2Fv2%2Fmedia&parent=19418"}],"wp:term":[{"taxonomy":"category","embeddable":true,"href":"https:\/\/www.egemtv.com\/index.php?rest_route=%2Fwp%2Fv2%2Fcategories&post=19418"},{"taxonomy":"post_tag","embeddable":true,"href":"https:\/\/www.egemtv.com\/index.php?rest_route=%2Fwp%2Fv2%2Ftags&post=19418"}],"curies":[{"name":"wp","href":"https:\/\/api.w.org\/{rel}","templated":true}]}}