{"id":19415,"date":"2025-02-16T17:38:28","date_gmt":"2025-02-16T14:38:28","guid":{"rendered":"https:\/\/www.egemtv.com\/?p=19415"},"modified":"2025-02-16T17:38:33","modified_gmt":"2025-02-16T14:38:33","slug":"marmarisin-minik-yelkencileri-turkiye-sampiyonasina-hazirlaniyor","status":"publish","type":"post","link":"https:\/\/www.egemtv.com\/?p=19415","title":{"rendered":"Marmaris\u2019in minik yelkencileri T\u00fcrkiye \u015fampiyonas\u0131na haz\u0131rlan\u0131yor"},"content":{"rendered":"<p>Mu\u011fla\u2019n\u0131n Marmaris il\u00e7esinde, 2009 y\u0131l\u0131ndan itibaren yelken sporcusu yeti\u015ftiren ve kat\u0131ld\u0131klar\u0131 t\u00fcm yar\u0131\u015flardan derece ve \u00f6d\u00fcllerle d\u00f6nen G\u00fcney Ege Yelken Kul\u00fcb\u00fc, 11 ve 12 ya\u015flar\u0131ndaki \u00fc\u00e7 \u00f6\u011frencisini \u00f6n\u00fcm\u00fczdeki ay \u0130zmir\u2019de d\u00fczenlenecek T\u00fcrkiye Yelken \u015eampiyonas\u0131\u2019na haz\u0131rl\u0131yor.<\/p>\n<p>Marmaris\u2019e ba\u011fl\u0131 Adak\u00f6y Mahallesi Akta\u015f mevkiinde bulunan G\u00fcney Ege Yelken Spor Kul\u00fcb\u00fc\u2019n\u00fcn yelken okulunda e\u011fitim g\u00f6ren 11 ve 12 ya\u015flar\u0131ndaki \u00fc\u00e7 \u00f6\u011frenci, T\u00fcrkiye \u015eampiyonas\u0131\u2019nda derece elde edebilmek i\u00e7in ya\u011fmur, r\u00fczgar, g\u00fcne\u015f, so\u011fuk demeden antren\u00f6rleriyle birlikte \u00e7al\u0131\u015fmalar\u0131na devam ediyor. D\u00f6rt y\u0131ld\u0131r yelken sporu ile ilgilenen 12 ya\u015f\u0131ndaki Semih Kalayc\u0131; &#8220;Yar\u0131\u015f s\u00fcreci art\u0131k bizim i\u00e7in basit geliyor, \u00e7\u00fcnk\u00fc al\u0131\u015ft\u0131k. Arkada\u015flar\u0131ma \u00e7ok tavsiye ediyorum, e\u011flenceli aktivitelerimiz de oluyor. Yaz\u0131n s\u00fcrekli antrenman yap\u0131yoruz, yelken e\u011fitimi al\u0131rken de e\u011fleniyoruz&#8221; diyerek, yar\u0131\u015fta derece almak i\u00e7in \u00e7ok \u00e7al\u0131\u015ft\u0131klar\u0131n\u0131 belirtti. 11 ya\u015f\u0131ndaki Ayhan \u015eim\u015fek ise yar\u0131\u015flara haz\u0131rl\u0131k s\u00fcreci hakk\u0131nda bilgi vererek, &#8220;Uzun s\u00fcredir yap\u0131yoruz, art\u0131k kolay ge\u00e7iyor. Daha \u00f6nce de yar\u0131\u015flara kat\u0131ld\u0131m&#8221; dedi. \u0130kinci yar\u0131\u015f\u0131na girece\u011fini belirten 11 ya\u015f\u0131ndaki \u00c7a\u011fan R\u00fczgar Sa\u011flam da, &#8220;Her hafta sonu antrenman yap\u0131yoruz. Zorlanm\u0131yorum ve yelken sporunu \u00e7ok seviyorum&#8221; \u015feklinde konu\u015ftu. 15 ya\u015f\u0131ndaki \u0130smail Sevgen ise son kat\u0131ld\u0131\u011f\u0131 yar\u0131\u015fta Avrupa \u00fc\u00e7\u00fcnc\u00fcs\u00fc olmas\u0131n\u0131n ard\u0131ndan, &#8220;On y\u0131ld\u0131r yelken lazer sporu yap\u0131yorum, on y\u0131ld\u0131r da yar\u0131\u015f\u0131yorum. Bu spor e\u011flenceli ve zevkli. Yelken yaparken mutlu oluyorum, heyecanlan\u0131yorum. Hedefim milli tak\u0131ma girmek&#8221; dedi.<\/p>\n<p>Yelken antren\u00f6rl\u00fc\u011f\u00fc de yapan Ahmet E\u011fin; &#8220;7 ya\u015f\u0131ndan beri yelken d\u00fcnyas\u0131n\u0131n i\u00e7indeyim. \u00dc\u00e7 d\u00f6rt y\u0131ld\u0131r antren\u00f6rl\u00fck yap\u0131yorum. K\u0131\u015f\u0131n her hafta sonu antrenmanlar\u0131m\u0131z\u0131 yap\u0131yoruz, gerekli taktikleri \u00e7al\u0131\u015f\u0131yoruz ve \u00e7ocuklar\u0131n bu spora al\u0131\u015fmalar\u0131n\u0131 sa\u011fl\u0131yoruz&#8221; diyerek, ba\u015far\u0131 beklentilerini dile getirdi.<\/p>\n<p>&#8220;Karar verme becerilerini geli\u015ftiriyor&#8221;<br \/>\n<br \/>G\u00fcney Ege Yelken Kul\u00fcb\u00fc Ba\u015fkan\u0131 ve antren\u00f6r\u00fc 51 ya\u015f\u0131ndaki Do\u011fa Serhan Akal\u0131n; &#8220;Kul\u00fcb\u00fcm\u00fcz\u00fc 2009 y\u0131l\u0131nda kurduk ve o g\u00fcnden bu yana say\u0131s\u0131z yar\u0131\u015fa kat\u0131ld\u0131k, hem uluslararas\u0131 hem de ulusal ve b\u00f6lgesel yar\u0131\u015flarda yer ald\u0131k. Y\u00fczlerce \u00e7ocu\u011fumuzu sporcu olarak yeti\u015ftirdik. \u00d6n\u00fcm\u00fczdeki 3 Mart\u2019ta, \u00c7e\u015fme\u2019de d\u00fczenlenecek T\u00fcrkiye Yelken Federasyonu\u2019nun Optimist T\u00fcrkiye \u015eampiyonas\u0131\u2019na \u00fc\u00e7 sporcumuzla kat\u0131laca\u011f\u0131z. Son olarak Bodrum\u2019daki yar\u0131\u015fta, lazer sporcum Avrupa Cup\u2019ta U-17 Avrupa \u00fc\u00e7\u00fcnc\u00fcs\u00fc oldu. \u00c7e\u015fitli klasmanlarda sporcular\u0131m\u0131z var ve hedefimiz, 2026\u2019da d\u00fczenlenecek Avrupa \u015eampiyonas\u0131\u2019na lazer sporcusunu milli tak\u0131ma sokmak. Ayr\u0131ca yedi ya\u015f\u0131ndan itibaren \u00e7ocuklar\u0131m\u0131za lisans \u00e7\u0131karma hakk\u0131na sahibiz ve onlara e\u011fitim veriyoruz. Marmaris\u2019in do\u011fal \u015fartlar\u0131ndan dolay\u0131, burada \u00e7ocuklar\u0131n yelken sporuna ilgi g\u00f6stermeleri bizler i\u00e7in \u00e7ok \u00f6nemli. Bu spor, \u00e7ocuklar\u0131n geli\u015fimi, \u00f6zg\u00fcvenleri, el becerileri, d\u00fc\u015f\u00fcnme yetileri ve karar verme becerilerini geli\u015ftiriyor. Biz de bu temele dayal\u0131 olarak sportif ba\u015far\u0131 elde etmeye \u00e7al\u0131\u015f\u0131yoruz&#8221; dedi. Akal\u0131n, bu spor dal\u0131nda e\u011fitim vermeye \u00f6mr\u00fcn\u00fcn sonuna kadar devam edece\u011fini de s\u00f6zlerine ekledi.<br \/><\/p>\n","protected":false},"excerpt":{"rendered":"<p>Mu\u011fla\u2019n\u0131n Marmaris il\u00e7esinde, 2009 y\u0131l\u0131ndan itibaren yelken sporcusu yeti\u015ftiren ve kat\u0131ld\u0131klar\u0131 t\u00fcm yar\u0131\u015flardan derece ve \u00f6d\u00fcllerle d\u00f6nen G\u00fcney Ege Yelken Kul\u00fcb\u00fc, 11 ve 12 ya\u015flar\u0131ndaki \u00fc\u00e7 \u00f6\u011frencisini \u00f6n\u00fcm\u00fczdeki ay \u0130zmir\u2019de d\u00fczenlenecek T\u00fcrkiye Yelken \u015eampiyonas\u0131\u2019na haz\u0131rl\u0131yor. Marmaris\u2019e ba\u011fl\u0131 Adak\u00f6y Mahallesi Akta\u015f mevkiinde bulunan G\u00fcney Ege Yelken Spor Kul\u00fcb\u00fc\u2019n\u00fcn yelken okulunda e\u011fitim g\u00f6ren 11 ve 12 ya\u015flar\u0131ndaki&#8230;<\/p>\n","protected":false},"author":1,"featured_media":19416,"comment_status":"open","ping_status":"open","sticky":false,"template":"","format":"standard","meta":{"_crdt_document":"","footnotes":""},"categories":[4],"tags":[],"class_list":["post-19415","post","type-post","status-publish","format-standard","has-post-thumbnail","hentry","category-spor"],"_links":{"self":[{"href":"https:\/\/www.egemtv.com\/index.php?rest_route=\/wp\/v2\/posts\/19415","targetHints":{"allow":["GET"]}}],"collection":[{"href":"https:\/\/www.egemtv.com\/index.php?rest_route=\/wp\/v2\/posts"}],"about":[{"href":"https:\/\/www.egemtv.com\/index.php?rest_route=\/wp\/v2\/types\/post"}],"author":[{"embeddable":true,"href":"https:\/\/www.egemtv.com\/index.php?rest_route=\/wp\/v2\/users\/1"}],"replies":[{"embeddable":true,"href":"https:\/\/www.egemtv.com\/index.php?rest_route=%2Fwp%2Fv2%2Fcomments&post=19415"}],"version-history":[{"count":1,"href":"https:\/\/www.egemtv.com\/index.php?rest_route=\/wp\/v2\/posts\/19415\/revisions"}],"predecessor-version":[{"id":19417,"href":"https:\/\/www.egemtv.com\/index.php?rest_route=\/wp\/v2\/posts\/19415\/revisions\/19417"}],"wp:featuredmedia":[{"embeddable":true,"href":"https:\/\/www.egemtv.com\/index.php?rest_route=\/wp\/v2\/media\/19416"}],"wp:attachment":[{"href":"https:\/\/www.egemtv.com\/index.php?rest_route=%2Fwp%2Fv2%2Fmedia&parent=19415"}],"wp:term":[{"taxonomy":"category","embeddable":true,"href":"https:\/\/www.egemtv.com\/index.php?rest_route=%2Fwp%2Fv2%2Fcategories&post=19415"},{"taxonomy":"post_tag","embeddable":true,"href":"https:\/\/www.egemtv.com\/index.php?rest_route=%2Fwp%2Fv2%2Ftags&post=19415"}],"curies":[{"name":"wp","href":"https:\/\/api.w.org\/{rel}","templated":true}]}}