{"id":19412,"date":"2025-02-16T17:21:21","date_gmt":"2025-02-16T14:21:21","guid":{"rendered":"https:\/\/www.egemtv.com\/?p=19412"},"modified":"2025-02-16T17:21:28","modified_gmt":"2025-02-16T14:21:28","slug":"kosk-akcakoy-ortaokulu-ogrencileri-liseleri-tanidi","status":"publish","type":"post","link":"https:\/\/www.egemtv.com\/?p=19412","title":{"rendered":"K\u00f6\u015fk Ak\u00e7ak\u00f6y Ortaokulu \u00f6\u011frencileri liseleri tan\u0131d\u0131"},"content":{"rendered":"<p>Ayd\u0131n\u2019\u0131n K\u00f6\u015fk il\u00e7esinde e\u011fitim g\u00f6ren K\u00f6\u015fk Ak\u00e7ak\u00f6y Ortaokulu 8. s\u0131n\u0131f \u00f6\u011frencileri, mesleki ve kariyer planlama gezisi kapsam\u0131nda il\u00e7edeki liseleri ziyaret etti.<\/p>\n<p>\u00d6\u011fretmenlerinin rehberli\u011finde ger\u00e7ekle\u015ftirilen gezide \u00f6\u011frenciler, K\u00f6\u015fk Ayla Vural Anadolu Lisesi, K\u00f6\u015fk Anadolu \u0130mam Hatip Lisesi ve K\u00f6\u015fk Mesleki ve Teknik Anadolu Lisesi\u2019ni yak\u0131ndan tan\u0131ma f\u0131rsat\u0131 buldu. Ziyaretler s\u0131ras\u0131nda okul y\u00f6neticileri ve \u00f6\u011fretmenlerden e\u011fitim imkanlar\u0131 hakk\u0131nda bilgi alan \u00f6\u011frenciler, merak ettikleri sorular\u0131 sorma imkan\u0131 da elde etti. Okul y\u00f6netiminden yap\u0131lan a\u00e7\u0131klamada gezinin, \u00f6\u011frencilerin geleceklerini planlamalar\u0131na katk\u0131 sa\u011flamas\u0131 ve bilin\u00e7li tercih yapmalar\u0131 ad\u0131na \u00f6nemli oldu\u011funa dikkat \u00e7ekildi.<br \/><\/p>\n","protected":false},"excerpt":{"rendered":"<p>Ayd\u0131n\u2019\u0131n K\u00f6\u015fk il\u00e7esinde e\u011fitim g\u00f6ren K\u00f6\u015fk Ak\u00e7ak\u00f6y Ortaokulu 8. s\u0131n\u0131f \u00f6\u011frencileri, mesleki ve kariyer planlama gezisi kapsam\u0131nda il\u00e7edeki liseleri ziyaret etti. \u00d6\u011fretmenlerinin rehberli\u011finde ger\u00e7ekle\u015ftirilen gezide \u00f6\u011frenciler, K\u00f6\u015fk Ayla Vural Anadolu Lisesi, K\u00f6\u015fk Anadolu \u0130mam Hatip Lisesi ve K\u00f6\u015fk Mesleki ve Teknik Anadolu Lisesi\u2019ni yak\u0131ndan tan\u0131ma f\u0131rsat\u0131 buldu. Ziyaretler s\u0131ras\u0131nda okul y\u00f6neticileri ve \u00f6\u011fretmenlerden e\u011fitim imkanlar\u0131&#8230;<\/p>\n","protected":false},"author":1,"featured_media":19413,"comment_status":"open","ping_status":"open","sticky":false,"template":"","format":"standard","meta":{"_crdt_document":"","footnotes":""},"categories":[1],"tags":[],"class_list":["post-19412","post","type-post","status-publish","format-standard","has-post-thumbnail","hentry","category-guncel"],"_links":{"self":[{"href":"https:\/\/www.egemtv.com\/index.php?rest_route=\/wp\/v2\/posts\/19412","targetHints":{"allow":["GET"]}}],"collection":[{"href":"https:\/\/www.egemtv.com\/index.php?rest_route=\/wp\/v2\/posts"}],"about":[{"href":"https:\/\/www.egemtv.com\/index.php?rest_route=\/wp\/v2\/types\/post"}],"author":[{"embeddable":true,"href":"https:\/\/www.egemtv.com\/index.php?rest_route=\/wp\/v2\/users\/1"}],"replies":[{"embeddable":true,"href":"https:\/\/www.egemtv.com\/index.php?rest_route=%2Fwp%2Fv2%2Fcomments&post=19412"}],"version-history":[{"count":1,"href":"https:\/\/www.egemtv.com\/index.php?rest_route=\/wp\/v2\/posts\/19412\/revisions"}],"predecessor-version":[{"id":19414,"href":"https:\/\/www.egemtv.com\/index.php?rest_route=\/wp\/v2\/posts\/19412\/revisions\/19414"}],"wp:featuredmedia":[{"embeddable":true,"href":"https:\/\/www.egemtv.com\/index.php?rest_route=\/wp\/v2\/media\/19413"}],"wp:attachment":[{"href":"https:\/\/www.egemtv.com\/index.php?rest_route=%2Fwp%2Fv2%2Fmedia&parent=19412"}],"wp:term":[{"taxonomy":"category","embeddable":true,"href":"https:\/\/www.egemtv.com\/index.php?rest_route=%2Fwp%2Fv2%2Fcategories&post=19412"},{"taxonomy":"post_tag","embeddable":true,"href":"https:\/\/www.egemtv.com\/index.php?rest_route=%2Fwp%2Fv2%2Ftags&post=19412"}],"curies":[{"name":"wp","href":"https:\/\/api.w.org\/{rel}","templated":true}]}}