{"id":19406,"date":"2025-02-16T16:14:20","date_gmt":"2025-02-16T13:14:20","guid":{"rendered":"https:\/\/www.egemtv.com\/?p=19406"},"modified":"2025-02-16T16:14:26","modified_gmt":"2025-02-16T13:14:26","slug":"alasehirde-uzum-bagi-icinde-korkutan-patlama","status":"publish","type":"post","link":"https:\/\/www.egemtv.com\/?p=19406","title":{"rendered":"Ala\u015fehir\u2019de \u00fcz\u00fcm ba\u011f\u0131 i\u00e7inde korkutan patlama"},"content":{"rendered":"<p>Manisa\u2019n\u0131n Ala\u015fehir il\u00e7esindeki bir \u00fcz\u00fcm ba\u011f\u0131nda kullan\u0131lmayan artezyen kuyusunda patlama meydana geldi. Yo\u011fun gaz ve su \u00e7\u0131k\u0131\u015f\u0131n\u0131n g\u00f6zlendi\u011fi kuyunun \u00e7evresinde g\u00fcvenlik \u00f6nlemi al\u0131narak, uzman ekip \u00e7a\u011fr\u0131ld\u0131.<br \/>\n<br \/>Ala\u015fehir\u2019e ba\u011fl\u0131 Toygar Mahallesi\u2019nde Seyfettin Alk\u0131n\u2019a ait kullan\u0131lmayan yakla\u015f\u0131k 70 metre derinli\u011findeki artezyen kuyusunda d\u00fcn gece saat 23.00 s\u0131ralar\u0131nda patlama meydana geldi. Patlaman\u0131n ard\u0131ndan kuyudan gaz ile birlikte su f\u0131\u015fk\u0131rmaya ba\u015flad\u0131. Kuyudan \u00e7\u0131kan \u00e7amurlu su t\u00fcm \u00fcz\u00fcm ba\u011f\u0131na yay\u0131ld\u0131. Mahalle sakinleri, \u00f6nce bir patlama oldu\u011funu ve ilk anda b\u00fcy\u00fck korku ya\u015fad\u0131klar\u0131n\u0131 belirterek, ba\u011f i\u00e7indeki artezyen kuyusundan gaz ve su f\u0131\u015fk\u0131rd\u0131\u011f\u0131n\u0131 g\u00f6r\u00fcr g\u00f6rmez jandarmaya haber verdiklerini ifade ettiler.<br \/>\n<br \/>B\u00f6lgeye gelen jandarma ekipleri kuyunun \u00e7evresinde g\u00fcvenlik \u00f6nlemi alarak, \u00fcz\u00fcm ba\u011f\u0131na uzman ekipleri davet etti. \u0130lk belirlemelere g\u00f6re, kuyudan \u00e7\u0131kan suyun normal \u0131s\u0131da oldu\u011fu tespit edilirken, \u00e7\u0131kan gaz\u0131n t\u00fcr\u00fcn\u00fcn uzmanlarca yap\u0131lacak incelemenin ard\u0131ndan belli olaca\u011f\u0131 \u00f6\u011frenildi.<br \/><\/p>\n","protected":false},"excerpt":{"rendered":"<p>Manisa\u2019n\u0131n Ala\u015fehir il\u00e7esindeki bir \u00fcz\u00fcm ba\u011f\u0131nda kullan\u0131lmayan artezyen kuyusunda patlama meydana geldi. Yo\u011fun gaz ve su \u00e7\u0131k\u0131\u015f\u0131n\u0131n g\u00f6zlendi\u011fi kuyunun \u00e7evresinde g\u00fcvenlik \u00f6nlemi al\u0131narak, uzman ekip \u00e7a\u011fr\u0131ld\u0131. Ala\u015fehir\u2019e ba\u011fl\u0131 Toygar Mahallesi\u2019nde Seyfettin Alk\u0131n\u2019a ait kullan\u0131lmayan yakla\u015f\u0131k 70 metre derinli\u011findeki artezyen kuyusunda d\u00fcn gece saat 23.00 s\u0131ralar\u0131nda patlama meydana geldi. Patlaman\u0131n ard\u0131ndan kuyudan gaz ile birlikte su&#8230;<\/p>\n","protected":false},"author":1,"featured_media":19407,"comment_status":"open","ping_status":"open","sticky":false,"template":"","format":"standard","meta":{"_crdt_document":"","footnotes":""},"categories":[5],"tags":[],"class_list":["post-19406","post","type-post","status-publish","format-standard","has-post-thumbnail","hentry","category-asayis"],"_links":{"self":[{"href":"https:\/\/www.egemtv.com\/index.php?rest_route=\/wp\/v2\/posts\/19406","targetHints":{"allow":["GET"]}}],"collection":[{"href":"https:\/\/www.egemtv.com\/index.php?rest_route=\/wp\/v2\/posts"}],"about":[{"href":"https:\/\/www.egemtv.com\/index.php?rest_route=\/wp\/v2\/types\/post"}],"author":[{"embeddable":true,"href":"https:\/\/www.egemtv.com\/index.php?rest_route=\/wp\/v2\/users\/1"}],"replies":[{"embeddable":true,"href":"https:\/\/www.egemtv.com\/index.php?rest_route=%2Fwp%2Fv2%2Fcomments&post=19406"}],"version-history":[{"count":1,"href":"https:\/\/www.egemtv.com\/index.php?rest_route=\/wp\/v2\/posts\/19406\/revisions"}],"predecessor-version":[{"id":19408,"href":"https:\/\/www.egemtv.com\/index.php?rest_route=\/wp\/v2\/posts\/19406\/revisions\/19408"}],"wp:featuredmedia":[{"embeddable":true,"href":"https:\/\/www.egemtv.com\/index.php?rest_route=\/wp\/v2\/media\/19407"}],"wp:attachment":[{"href":"https:\/\/www.egemtv.com\/index.php?rest_route=%2Fwp%2Fv2%2Fmedia&parent=19406"}],"wp:term":[{"taxonomy":"category","embeddable":true,"href":"https:\/\/www.egemtv.com\/index.php?rest_route=%2Fwp%2Fv2%2Fcategories&post=19406"},{"taxonomy":"post_tag","embeddable":true,"href":"https:\/\/www.egemtv.com\/index.php?rest_route=%2Fwp%2Fv2%2Ftags&post=19406"}],"curies":[{"name":"wp","href":"https:\/\/api.w.org\/{rel}","templated":true}]}}