{"id":19403,"date":"2025-02-16T16:01:08","date_gmt":"2025-02-16T13:01:08","guid":{"rendered":"https:\/\/www.egemtv.com\/?p=19403"},"modified":"2025-02-16T16:01:13","modified_gmt":"2025-02-16T13:01:13","slug":"konyali-is-adamlari-izmirde-bulustu","status":"publish","type":"post","link":"https:\/\/www.egemtv.com\/?p=19403","title":{"rendered":"Konyal\u0131 i\u015f adamlar\u0131 \u0130zmir\u2019de bulu\u015ftu"},"content":{"rendered":"<p>\u0130zmir\u2019de Konyal\u0131lar, i\u015f adamlar\u0131na destek vermek ve ticareti art\u0131rmak amac\u0131yla d\u00fczenlenen yemekte bir araya geldi.<br \/>\n<br \/>\u0130zmir Konyal\u0131 Sanayici ve \u0130\u015fadamlar\u0131 Derne\u011fi (KONS\u0130AD) taraf\u0131ndan \u2018i\u015f insanlar\u0131na destek olmak ve Konyal\u0131lar aras\u0131nda ticareti art\u0131rmak\u2019 amac\u0131yla Bornova\u2019da bulunan Devlet Su \u0130\u015fleri 2. B\u00f6lge M\u00fcd\u00fcrl\u00fc\u011f\u00fc Tesisleri\u2019nde yemek verildi. Organizasyona kat\u0131l\u0131m\u0131n y\u00fcksek olmas\u0131ndan dolay\u0131 mutluluk duyduklar\u0131n\u0131 dile getiren KONS\u0130AD Genel Ba\u015fkan\u0131 Kemal \u00c7elik, &#8220;KONS\u0130AD\u2019\u0131 ilk olarak \u0130stanbul\u2019da kurduk. Orada ba\u015far\u0131 yakalay\u0131nca Konyal\u0131lar\u0131n \u00e7ok oldu\u011fu \u015fehirlerde organizasyonlar yapmaya ba\u015flad\u0131k. \u0130zmir de o \u015fehirlerden bir tanesi. \u00c7e\u015fitli illerde \u015fubemiz var. Amac\u0131m\u0131z Konyal\u0131lar\u0131n sesini duyurmak ve kendi aralar\u0131nda yapaca\u011f\u0131 ticareti art\u0131rmak&#8221; dedi.<br \/>\n<br \/>KONS\u0130AD Ba\u015fkan Yard\u0131mc\u0131s\u0131 Musa Bilgi\u00e7 de &#8220;Konyal\u0131 i\u015f insanlar\u0131n\u0131 burada bir araya getirdik. Yo\u011fun bir kat\u0131l\u0131m var. Daha da b\u00fcy\u00fcmeyi hedefliyoruz&#8221; \u015feklinde konu\u015ftu.<\/p>\n<p>&#8220;Sorunlar\u0131 birlikte \u00e7\u00f6zmeyi ama\u00e7l\u0131yoruz&#8221;<br \/>\n<br \/>KONS\u0130AD olarak birlik ve b\u00fct\u00fcnl\u00fc\u011f\u00fc sa\u011flamay\u0131, i\u015f adamlar\u0131n\u0131n sorunlar\u0131n\u0131 birlikte \u00e7\u00f6zmeyi ama\u00e7lad\u0131klar\u0131n\u0131 ifade eden \u0130zmir KONS\u0130AD Ba\u015fkan\u0131 Muhammed Demir, \u015funlar\u0131 kaydetti:<br \/>\n<br \/>&#8220;\u0130\u015f insanlar\u0131m\u0131z\u0131 yat\u0131r\u0131mlar konusunda y\u00f6nlendiriyoruz ve ak\u0131ll\u0131 zekayla ilgili onlara dan\u0131\u015fmanl\u0131k veriyoruz. Orta Asya ve Orta Do\u011fu\u2019ya i\u015f seyahatleri d\u00fczenliyoruz. Organizasyonlar\u0131m\u0131z\u0131 s\u00fcrd\u00fcrece\u011fiz.&#8221;<br \/>\n<br \/>Etkinli\u011fe, KONS\u0130AD \u00fcyeleri, Konyal\u0131 i\u015f adamlar\u0131, savc\u0131lar ve vatanda\u015flar kat\u0131ld\u0131.<br \/><\/p>\n","protected":false},"excerpt":{"rendered":"<p>\u0130zmir\u2019de Konyal\u0131lar, i\u015f adamlar\u0131na destek vermek ve ticareti art\u0131rmak amac\u0131yla d\u00fczenlenen yemekte bir araya geldi. \u0130zmir Konyal\u0131 Sanayici ve \u0130\u015fadamlar\u0131 Derne\u011fi (KONS\u0130AD) taraf\u0131ndan \u2018i\u015f insanlar\u0131na destek olmak ve Konyal\u0131lar aras\u0131nda ticareti art\u0131rmak\u2019 amac\u0131yla Bornova\u2019da bulunan Devlet Su \u0130\u015fleri 2. B\u00f6lge M\u00fcd\u00fcrl\u00fc\u011f\u00fc Tesisleri\u2019nde yemek verildi. Organizasyona kat\u0131l\u0131m\u0131n y\u00fcksek olmas\u0131ndan dolay\u0131 mutluluk duyduklar\u0131n\u0131 dile getiren KONS\u0130AD Genel&#8230;<\/p>\n","protected":false},"author":1,"featured_media":19404,"comment_status":"open","ping_status":"open","sticky":false,"template":"","format":"standard","meta":{"_crdt_document":"","footnotes":""},"categories":[1],"tags":[],"class_list":["post-19403","post","type-post","status-publish","format-standard","has-post-thumbnail","hentry","category-guncel"],"_links":{"self":[{"href":"https:\/\/www.egemtv.com\/index.php?rest_route=\/wp\/v2\/posts\/19403","targetHints":{"allow":["GET"]}}],"collection":[{"href":"https:\/\/www.egemtv.com\/index.php?rest_route=\/wp\/v2\/posts"}],"about":[{"href":"https:\/\/www.egemtv.com\/index.php?rest_route=\/wp\/v2\/types\/post"}],"author":[{"embeddable":true,"href":"https:\/\/www.egemtv.com\/index.php?rest_route=\/wp\/v2\/users\/1"}],"replies":[{"embeddable":true,"href":"https:\/\/www.egemtv.com\/index.php?rest_route=%2Fwp%2Fv2%2Fcomments&post=19403"}],"version-history":[{"count":1,"href":"https:\/\/www.egemtv.com\/index.php?rest_route=\/wp\/v2\/posts\/19403\/revisions"}],"predecessor-version":[{"id":19405,"href":"https:\/\/www.egemtv.com\/index.php?rest_route=\/wp\/v2\/posts\/19403\/revisions\/19405"}],"wp:featuredmedia":[{"embeddable":true,"href":"https:\/\/www.egemtv.com\/index.php?rest_route=\/wp\/v2\/media\/19404"}],"wp:attachment":[{"href":"https:\/\/www.egemtv.com\/index.php?rest_route=%2Fwp%2Fv2%2Fmedia&parent=19403"}],"wp:term":[{"taxonomy":"category","embeddable":true,"href":"https:\/\/www.egemtv.com\/index.php?rest_route=%2Fwp%2Fv2%2Fcategories&post=19403"},{"taxonomy":"post_tag","embeddable":true,"href":"https:\/\/www.egemtv.com\/index.php?rest_route=%2Fwp%2Fv2%2Ftags&post=19403"}],"curies":[{"name":"wp","href":"https:\/\/api.w.org\/{rel}","templated":true}]}}