{"id":19400,"date":"2025-02-16T15:54:13","date_gmt":"2025-02-16T12:54:13","guid":{"rendered":"https:\/\/www.egemtv.com\/?p=19400"},"modified":"2025-02-16T15:54:18","modified_gmt":"2025-02-16T12:54:18","slug":"aydin-fen-lisesi-6-projesiyle-zirvede-yer-aldi","status":"publish","type":"post","link":"https:\/\/www.egemtv.com\/?p=19400","title":{"rendered":"Ayd\u0131n Fen Lisesi, 6 projesiyle zirvede yer ald\u0131"},"content":{"rendered":"<p>Lise \u00d6\u011frencileri Ara\u015ft\u0131rma Projeleri Yar\u0131\u015fmas\u0131\u2019na Ayd\u0131n\u2019dan davet edilen 14 projeden 6\u2019s\u0131na sahip olan Ayd\u0131n Fen Lisesi, zirvede yer ald\u0131.<\/p>\n<p>Lise \u00f6\u011frencilerine temel, sosyal ve uygulamal\u0131 bilim alanlar\u0131nda \u00e7al\u0131\u015fmalar yapmaya te\u015fvik etmek, \u00e7al\u0131\u015fmalar\u0131n\u0131 y\u00f6nlendirmek ve mevcut bilimsel \u00e7al\u0131\u015fmalar\u0131n\u0131n geli\u015fimine katk\u0131 sa\u011flamak hedefiyle bu y\u0131l 56.\u2019s\u0131 d\u00fczenlenen Lise \u00d6\u011frencileri Ara\u015ft\u0131rma Projeleri Yar\u0131\u015fmas\u0131\u2019nda b\u00f6lge finaline se\u00e7ilen projeler belli oldu. Ege B\u00f6lgesi\u2019nde yer alan okullar\u0131n kat\u0131ld\u0131\u011f\u0131 yar\u0131\u015fmada Ayd\u0131n 14 proje ile en fazla b\u00f6lge finaline projesi kalan iller aras\u0131nda yer al\u0131rken, en fazla projesi olan okul ise 6 proje ile Ayd\u0131n Fen Lisesi oldu. Tarih, co\u011frafya, psikoloji, T\u00fcrk Dili ve Edebiyat\u0131, yaz\u0131l\u0131m ve biyoloji alanlar\u0131ndaki 6 proje yar\u0131\u015fmaya kat\u0131lan Ayd\u0131n Fen Lisesi \u00f6\u011frencileri, \u0130zmir\u2019de ger\u00e7ekle\u015ftirilecek olan b\u00f6lge finallerinde Ayd\u0131n\u2019\u0131 temsil edecek.<\/p>\n<p>&#8220;Zirvede yer de\u011fi\u015fmedi&#8221; ba\u015fl\u0131\u011f\u0131 ile Ayd\u0131n Fen Lisesi\u2019nden yap\u0131lan payla\u015f\u0131mda &#8220;Bu y\u0131l 56.\u2019s\u0131 d\u00fczenlenen Lise \u00d6\u011frencileri Ara\u015ft\u0131rma Projeleri Yar\u0131\u015fmas\u0131 B\u00f6lge Sergisi\u2019ne Ayd\u0131n ilinden davet edilen 14 projeden 6\u2019s\u0131 okulumuza ait. G\u00fcl Arpa dan\u0131\u015fmanl\u0131\u011f\u0131nda Emre Yal\u00e7\u0131n, \u0130rem Tu\u011fba \u00c7avdar ve Hasan Bozda\u011f taraf\u0131ndan haz\u0131rlanan \u2019Efeler\u2019de Zaman\u0131n \u0130zleri: Mahallelerden Caddelere Tarihi Bir Yolculuk\u2019 konulu tarih projemiz, Emine Tiri\u00e7\u2019in dan\u0131\u015fmanl\u0131\u011f\u0131nda S\u0131dd\u0131k Umut \u00d6zta\u015f, Murat Karakaya ve Cihan G\u00fcro\u011flu taraf\u0131ndan haz\u0131rlanan \u2019Dijital Maket ve Fiziki Maket Kullanarak Heyelan Olu\u015fumunu Anlamland\u0131rmay\u0131 Sa\u011flayan \u00d6\u011fretim Materyali\u2019 konulu co\u011frafya projemiz, Emine Alt\u0131nsoy dan\u0131\u015fmanl\u0131\u011f\u0131nda Zeynep G\u00f6mleksiz, Ay\u015fe Nisa E\u011friba\u015f ve \u0130brahim Deniz taraf\u0131ndan haz\u0131rlanan \u2019Gelece\u011fi Korumak: Eko-Anksiyeteyi Y\u00f6netmek Ve Fark\u0131ndal\u0131k Olu\u015fturmak\u2019 konulu psikoloji projemiz, Emine Alt\u0131nsoy dan\u0131\u015fmanl\u0131\u011f\u0131nda Hatice Nur Di\u015f\u00e7i, Ekin Abak ve Esat Karakaya taraf\u0131ndan haz\u0131rlanan \u2019Kelime Se\u00e7iminde Yerli Ve Milli: T\u00fcrk\u00e7e Denetleme Yard\u0131mc\u0131s\u0131: Anka\u2019 konulu T\u00fcrk Dili ve Edebiyat\u0131 projemiz, Emine Alt\u0131nsoy dan\u0131\u015fmanl\u0131\u011f\u0131nda Efe A\u011flamazlar taraf\u0131ndan yap\u0131lan \u2019Deep Reinforcement Learning Tabanl\u0131 Yenilik\u00e7i Tcp T\u0131kan\u0131kl\u0131k Kontrol\u00fc Algoritmas\u0131 Geli\u015ftirilmesi\u2019 konulu yaz\u0131l\u0131m projemiz, H\u00fclya Olgun dan\u0131\u015fmanl\u0131\u011f\u0131nda Samet Ta\u015f\u00e7\u0131 ve Berkay Da\u011fo\u011flu taraf\u0131ndan yap\u0131lan \u2019\u0130la\u00e7 Ke\u015ffi ile Bulunan Paeonol\u00fcn Paeonia peregrina\u2019dan Eldesi ve N\u00f6rogeneze Etkisinin in vivo Zebrabal\u0131\u011f\u0131 Modelinde Ara\u015ft\u0131r\u0131lmas\u0131\u2019 konulu biyoloji projemiz okulumuzu \u0130zmir b\u00f6lgesinde temsil edecektir. Projelere dan\u0131\u015fmanl\u0131k yapan \u00f6\u011fretmenlerimizi ve projelerini ger\u00e7ekle\u015ftiren \u00f6\u011frencilerimizi kutlar, kendilerine b\u00f6lge yar\u0131\u015fmas\u0131nda ba\u015far\u0131lar dileriz&#8221; ifadeleri yer ald\u0131.<br \/><\/p>\n","protected":false},"excerpt":{"rendered":"<p>Lise \u00d6\u011frencileri Ara\u015ft\u0131rma Projeleri Yar\u0131\u015fmas\u0131\u2019na Ayd\u0131n\u2019dan davet edilen 14 projeden 6\u2019s\u0131na sahip olan Ayd\u0131n Fen Lisesi, zirvede yer ald\u0131. Lise \u00f6\u011frencilerine temel, sosyal ve uygulamal\u0131 bilim alanlar\u0131nda \u00e7al\u0131\u015fmalar yapmaya te\u015fvik etmek, \u00e7al\u0131\u015fmalar\u0131n\u0131 y\u00f6nlendirmek ve mevcut bilimsel \u00e7al\u0131\u015fmalar\u0131n\u0131n geli\u015fimine katk\u0131 sa\u011flamak hedefiyle bu y\u0131l 56.\u2019s\u0131 d\u00fczenlenen Lise \u00d6\u011frencileri Ara\u015ft\u0131rma Projeleri Yar\u0131\u015fmas\u0131\u2019nda b\u00f6lge finaline se\u00e7ilen projeler belli&#8230;<\/p>\n","protected":false},"author":1,"featured_media":19401,"comment_status":"open","ping_status":"open","sticky":false,"template":"","format":"standard","meta":{"_crdt_document":"","footnotes":""},"categories":[1],"tags":[],"class_list":["post-19400","post","type-post","status-publish","format-standard","has-post-thumbnail","hentry","category-guncel"],"_links":{"self":[{"href":"https:\/\/www.egemtv.com\/index.php?rest_route=\/wp\/v2\/posts\/19400","targetHints":{"allow":["GET"]}}],"collection":[{"href":"https:\/\/www.egemtv.com\/index.php?rest_route=\/wp\/v2\/posts"}],"about":[{"href":"https:\/\/www.egemtv.com\/index.php?rest_route=\/wp\/v2\/types\/post"}],"author":[{"embeddable":true,"href":"https:\/\/www.egemtv.com\/index.php?rest_route=\/wp\/v2\/users\/1"}],"replies":[{"embeddable":true,"href":"https:\/\/www.egemtv.com\/index.php?rest_route=%2Fwp%2Fv2%2Fcomments&post=19400"}],"version-history":[{"count":1,"href":"https:\/\/www.egemtv.com\/index.php?rest_route=\/wp\/v2\/posts\/19400\/revisions"}],"predecessor-version":[{"id":19402,"href":"https:\/\/www.egemtv.com\/index.php?rest_route=\/wp\/v2\/posts\/19400\/revisions\/19402"}],"wp:featuredmedia":[{"embeddable":true,"href":"https:\/\/www.egemtv.com\/index.php?rest_route=\/wp\/v2\/media\/19401"}],"wp:attachment":[{"href":"https:\/\/www.egemtv.com\/index.php?rest_route=%2Fwp%2Fv2%2Fmedia&parent=19400"}],"wp:term":[{"taxonomy":"category","embeddable":true,"href":"https:\/\/www.egemtv.com\/index.php?rest_route=%2Fwp%2Fv2%2Fcategories&post=19400"},{"taxonomy":"post_tag","embeddable":true,"href":"https:\/\/www.egemtv.com\/index.php?rest_route=%2Fwp%2Fv2%2Ftags&post=19400"}],"curies":[{"name":"wp","href":"https:\/\/api.w.org\/{rel}","templated":true}]}}