{"id":19397,"date":"2025-02-16T15:31:04","date_gmt":"2025-02-16T12:31:04","guid":{"rendered":"https:\/\/www.egemtv.com\/?p=19397"},"modified":"2025-02-16T15:31:09","modified_gmt":"2025-02-16T12:31:09","slug":"baskan-zeyrek-mujdeyi-verdi-manisa-izmir-arasi-ulasim-150-tlden-100-tlye-dustu","status":"publish","type":"post","link":"https:\/\/www.egemtv.com\/?p=19397","title":{"rendered":"Ba\u015fkan Zeyrek m\u00fcjdeyi verdi: Manisa &#8211; \u0130zmir aras\u0131 ula\u015f\u0131m 150 TL\u2019den 100 TL\u2019ye d\u00fc\u015ft\u00fc"},"content":{"rendered":"<p>Manisa B\u00fcy\u00fck\u015fehir Belediye Ba\u015fkan\u0131 Ferdi Zeyrek, Manisa-\u0130zmir aras\u0131 ula\u015f\u0131m\u0131n 150 TL\u2019den 100 TL\u2019ye d\u00fc\u015ft\u00fc\u011f\u00fcn\u00fc, ula\u015f\u0131m tarifesinin \u00f6\u011frenciler i\u00e7in 80 TL olarak uygulanaca\u011f\u0131 m\u00fcjdesini verdi.<br \/>\n<br \/>Manisa B\u00fcy\u00fck\u015fehir Belediye Ba\u015fkan\u0131 Ferdi Zeyrek taraf\u0131ndan y\u00fcr\u00fct\u00fclen Manisa- \u0130zmir aras\u0131ndaki ula\u015f\u0131mda indirim yap\u0131lmas\u0131 \u00e7al\u0131\u015fmalar\u0131 sonu\u00e7 verdi. \u0130ki il aras\u0131nda Manisa Seyahat firmas\u0131yla sa\u011flanan ula\u015f\u0131m \u00fccretleri Ba\u015fkan Zeyrek\u2019in giri\u015fimleriyle 150 TL\u2019den 100 TL\u2019ye d\u00fc\u015ferken, ula\u015f\u0131mdaki fiyat tarifesi \u00f6\u011frenciler i\u00e7in 80 TL olarak uygulanacak. Yar\u0131ndan itibaren ge\u00e7erli olacak yeni fiyat tarifeleriyle ilgili protokol yapacaklar\u0131n\u0131 s\u00f6yleyen Ba\u015fkan Zeyrek, &#8220;Bu m\u00fcjdeyi \u015fimdi vereyim. Bu kadar ekonomik krizin ya\u015fand\u0131\u011f\u0131 a\u011f\u0131r d\u00f6nemde Manisa merkezden \u0130zmir\u2019e ula\u015f\u0131m 150 TL\u2019ydi. Ben Manisal\u0131 vatanda\u015flar\u0131m\u0131za \u015funun s\u00f6z\u00fcn\u00fc verdim; bu 150 TL, 100 TL olacak. \u00d6\u011frencilere 80 TL olacak. Bunu Manisa Seyahat firmas\u0131 yapmazsa, biz de ilave otob\u00fcslerle bu hizmeti verecektik. Yar\u0131n sabah itibariyle Manisa \u0130zmir aras\u0131 ula\u015f\u0131m 100 TL \u00f6\u011frencilere 80 TL. \u00d6\u011frenci karde\u015flerim benim can\u0131md\u0131r. Manisamdaki \u00f6\u011frencilerim 80 TL\u2019ye \u0130zmir\u2019e ula\u015facak&#8221; dedi.<br \/><\/p>\n","protected":false},"excerpt":{"rendered":"<p>Manisa B\u00fcy\u00fck\u015fehir Belediye Ba\u015fkan\u0131 Ferdi Zeyrek, Manisa-\u0130zmir aras\u0131 ula\u015f\u0131m\u0131n 150 TL\u2019den 100 TL\u2019ye d\u00fc\u015ft\u00fc\u011f\u00fcn\u00fc, ula\u015f\u0131m tarifesinin \u00f6\u011frenciler i\u00e7in 80 TL olarak uygulanaca\u011f\u0131 m\u00fcjdesini verdi. Manisa B\u00fcy\u00fck\u015fehir Belediye Ba\u015fkan\u0131 Ferdi Zeyrek taraf\u0131ndan y\u00fcr\u00fct\u00fclen Manisa- \u0130zmir aras\u0131ndaki ula\u015f\u0131mda indirim yap\u0131lmas\u0131 \u00e7al\u0131\u015fmalar\u0131 sonu\u00e7 verdi. \u0130ki il aras\u0131nda Manisa Seyahat firmas\u0131yla sa\u011flanan ula\u015f\u0131m \u00fccretleri Ba\u015fkan Zeyrek\u2019in giri\u015fimleriyle 150 TL\u2019den&#8230;<\/p>\n","protected":false},"author":1,"featured_media":19398,"comment_status":"open","ping_status":"open","sticky":false,"template":"","format":"standard","meta":{"_crdt_document":"","footnotes":""},"categories":[1],"tags":[],"class_list":["post-19397","post","type-post","status-publish","format-standard","has-post-thumbnail","hentry","category-guncel"],"_links":{"self":[{"href":"https:\/\/www.egemtv.com\/index.php?rest_route=\/wp\/v2\/posts\/19397","targetHints":{"allow":["GET"]}}],"collection":[{"href":"https:\/\/www.egemtv.com\/index.php?rest_route=\/wp\/v2\/posts"}],"about":[{"href":"https:\/\/www.egemtv.com\/index.php?rest_route=\/wp\/v2\/types\/post"}],"author":[{"embeddable":true,"href":"https:\/\/www.egemtv.com\/index.php?rest_route=\/wp\/v2\/users\/1"}],"replies":[{"embeddable":true,"href":"https:\/\/www.egemtv.com\/index.php?rest_route=%2Fwp%2Fv2%2Fcomments&post=19397"}],"version-history":[{"count":1,"href":"https:\/\/www.egemtv.com\/index.php?rest_route=\/wp\/v2\/posts\/19397\/revisions"}],"predecessor-version":[{"id":19399,"href":"https:\/\/www.egemtv.com\/index.php?rest_route=\/wp\/v2\/posts\/19397\/revisions\/19399"}],"wp:featuredmedia":[{"embeddable":true,"href":"https:\/\/www.egemtv.com\/index.php?rest_route=\/wp\/v2\/media\/19398"}],"wp:attachment":[{"href":"https:\/\/www.egemtv.com\/index.php?rest_route=%2Fwp%2Fv2%2Fmedia&parent=19397"}],"wp:term":[{"taxonomy":"category","embeddable":true,"href":"https:\/\/www.egemtv.com\/index.php?rest_route=%2Fwp%2Fv2%2Fcategories&post=19397"},{"taxonomy":"post_tag","embeddable":true,"href":"https:\/\/www.egemtv.com\/index.php?rest_route=%2Fwp%2Fv2%2Ftags&post=19397"}],"curies":[{"name":"wp","href":"https:\/\/api.w.org\/{rel}","templated":true}]}}