{"id":19394,"date":"2025-02-16T15:30:58","date_gmt":"2025-02-16T12:30:58","guid":{"rendered":"https:\/\/www.egemtv.com\/?p=19394"},"modified":"2025-02-16T15:31:03","modified_gmt":"2025-02-16T12:31:03","slug":"chp-genel-baskani-ozel-kurultay-tartismalari-ile-ilgili-konustu","status":"publish","type":"post","link":"https:\/\/www.egemtv.com\/?p=19394","title":{"rendered":"CHP Genel Ba\u015fkan\u0131 \u00d6zel \u2019kurultay tart\u0131\u015fmalar\u0131\u2019 ile ilgili konu\u015ftu"},"content":{"rendered":"<p>MAN\u0130SA (\u0130HA) \u2013 Cumhuriyet Halk Partisi (CHP) Genel Ba\u015fkan\u0131 \u00d6zg\u00fcr \u00d6zel, &#8220;Partimiz \u00e7irkin bir sald\u0131r\u0131n\u0131n alt\u0131nda. Hepinizin g\u00f6z\u00fcn\u00fcn \u00f6n\u00fcnde olmu\u015f kurultay\u0131m\u0131zda, T\u00fcrkiye Cumhuriyeti tarihinde ilk kez bu kadar \u015feffaf, bu kadar a\u00e7\u0131k, yar\u0131\u015fmac\u0131 ama birbirine sayg\u0131l\u0131, herkesin g\u00f6z\u00fcn\u00fcn \u00f6n\u00fcnde olmu\u015f kurultay\u0131m\u0131za, kendilerince kara \u00e7almak i\u00e7in kirli ellerini partimizi uzatmaya \u00e7al\u0131\u015f\u0131yorlar&#8221; dedi.<br \/>\n<br \/>CHP Genel Ba\u015fkan\u0131 \u00d6zg\u00fcr \u00d6zel, memleketi Manisa\u2019da, T\u00fcrkiye\u2019nin ilk ve tek jeopark\u0131 olan Kula-Salihli UNESCO Global Jeopark\u0131\u2019n\u0131n giri\u015finde hizmet verecek olan Jeopark Ziyaret\u00e7i Merkezi\u2019nin a\u00e7\u0131l\u0131\u015f\u0131n\u0131 yapt\u0131. T\u00f6rende bir konu\u015fma yapan \u00d6zg\u00fcr \u00d6zel, bu b\u00f6lgenin yeterince tan\u0131t\u0131m\u0131n\u0131n yap\u0131lmas\u0131 halinde T\u00fcrkiye\u2019ye en \u00e7ok d\u00f6viz getiren merkezlerden biri olabilece\u011fini s\u00f6yledi. \u00d6zel, &#8220;Hocam\u0131z\u0131n s\u00f6yledi\u011fine g\u00f6re \u015fu an 2 bin 600 y\u0131l \u00f6nce faaliyette olan bir volkan\u0131n \u00f6n\u00fcndeyiz. Onun p\u00fcsk\u00fcrtt\u00fc\u011f\u00fc lavlar daha sonra verimli bir tar\u0131m arazisine d\u00f6n\u00fc\u015fm\u00fc\u015f. Bu y\u00fczden tar\u0131msal anlamda da buras\u0131 \u00e7ok k\u0131ymetli. Ben T\u00fcrkiye\u2019nin neresinde tan\u0131t\u0131m\u0131na katk\u0131 sa\u011flayabilece\u011fim, turist getirebilecek bir varl\u0131\u011f\u0131m\u0131z varsa, zenginli\u011fimiz varsa onu zaten g\u00f6r\u00fcn\u00fcr k\u0131lmaya \u00e7al\u0131\u015f\u0131yorum. \u015eimdi uluslararas\u0131 bir tan\u0131t\u0131ma giri\u015fmek i\u00e7in gayret ediyoruz. D\u00fcnyan\u0131n en eski festivallerinden bir tanesi Mesir Festivali burada d\u00fczenleniyor. En eski halk ilac\u0131, t\u0131bb\u0131 de\u011feridir bu. Tarihi de\u011feri var, mistik de\u011feri var, k\u00fclt\u00fcrel de\u011feri var ve hak etti\u011finin \u00e7ok alt\u0131nda turist geliyor. \u0130spanya\u2019da bo\u011falar koval\u0131yor insanlar\u0131 milyonlar gidip oraya milyarlar b\u0131rak\u0131yorlar. Burada y\u00fcz binlerce ki\u015finin ellerini \u015fifaya a\u00e7t\u0131\u011f\u0131, Spil Da\u011f\u0131\u2019nda endemik yeti\u015fen 41 baharattan \u00fcretilen bir kar\u0131\u015f\u0131m\u0131 d\u00fcnyay\u0131 anlatamam\u0131\u015f\u0131z. Ben bana gelen b\u00fct\u00fcn b\u00fcy\u00fckel\u00e7ilere mesir macunu verip g\u00f6t\u00fcr\u00fcyorum. D\u00fcnyan\u0131n neresine gitsem mesir macunu hediye ediyorum&#8221; dedi.<\/p>\n<p>&#8220;Partimiz \u00e7irkin bir sald\u0131r\u0131n\u0131n alt\u0131nda&#8221;<br \/>\n<br \/>Cumhuriyet Halk Partisi\u2019nin 4-5 Kas\u0131m 2023 tarihlerinde d\u00fczenledi\u011fi kurultay ile ilgili kamuoyunda s\u00fcren tart\u0131\u015fmalara ili\u015fkin konu\u015fan \u00d6zel, &#8220;\u015eimdi birileri bizim belediyelerde, b\u00fcy\u00fck\u015fehirlerde ve genel olarak T\u00fcrkiye\u2019de elde etti\u011fimiz bu b\u00fcy\u00fck b\u00fcy\u00fck zaferi g\u00f6rmezden gelmek ve yine 2025\u2019te yap\u0131lmas\u0131 i\u00e7in b\u00fcy\u00fck bir m\u00fccadele verdi\u011fimiz ve verece\u011fimiz erken se\u00e7im i\u00e7in nerede yakalay\u0131p da o sand\u0131\u011f\u0131 koyarsak o se\u00e7imi kazanaca\u011f\u0131m\u0131z\u0131 bildikleri i\u00e7in Cumhuriyet Halk Partisi\u2019nin aday belirleme s\u00fcrecini 1 milyon 600 bin \u00fcye davette bulundu\u011fu ve b\u00fct\u00fcn T\u00fcrkiye\u2019ye davette bulundu\u011fu s\u00fcreci kirletmeye, de\u011fersizle\u015ftirmeye, \u00e7e\u015fitli tart\u0131\u015fmalarla o s\u00fcrecin ne kadar \u00f6nemli oldu\u011funu g\u00f6r\u00fcn\u00fcr k\u0131ld\u0131rmamaya \u00e7al\u0131\u015f\u0131yorlar. Onun i\u00e7in partimiz \u00e7irkin bir sald\u0131r\u0131n\u0131n alt\u0131nda. Hepinizin g\u00f6z\u00fcn\u00fcn \u00f6n\u00fcnde olmu\u015f kurultay\u0131m\u0131zda, T\u00fcrkiye Cumhuriyeti tarihinde ilk kez bu kadar \u015feffaf, bu kadar a\u00e7\u0131k, yar\u0131\u015fmac\u0131 ama birbirine sayg\u0131l\u0131, herkesin g\u00f6z\u00fcn\u00fcn \u00f6n\u00fcnde olmu\u015f kurultay\u0131m\u0131za kendilerince kara \u00e7almak i\u00e7in o kendi kirli ellerini partimizi uzatmaya \u00e7al\u0131\u015f\u0131yorlar. Bir y\u0131ld\u0131r, meczuba bir dilek\u00e7e verdirmi\u015fler. Dosya a\u00e7\u0131kta duruyor. Bir tane kan\u0131t yok, bir tane evrak yok, bir tane \u015fahit yok. \u015eimdi gizli tan\u0131klar falan icat etmeye \u00e7al\u0131\u015f\u0131yorlar. Bir tane somut bir \u015fey ortada yok. Ama Tayyip Erdo\u011fan bana 3 ayda bir efendim \u2019\u015faibeli kurultay cevap ver.\u2019 Sustuk, vermedik. \u00c7\u00fcnk\u00fc bizi o foseptik \u00e7ukuruna \u00e7ekmeye \u00e7al\u0131\u015f\u0131yor kendisi. Bizi oraya \u00e7ekip o tart\u0131\u015fmalarla de\u011fersizle\u015ftirmeye \u00e7al\u0131\u015f\u0131yor. Biz bu oyuna gelmedik, gelenler oldu. Devam\u0131nda \u015fimdi kendi yanda\u015f bas\u0131nlar\u0131ndan bize man\u015fetlerle iftiralar, hakaretler etmeye \u00e7al\u0131\u015f\u0131yorlar. Cumhuriyet Halk Partisi sava\u015f meydanlar\u0131nda kurulmu\u015f bir parti. Cumhuriyet Halk Partisi bug\u00fcn Manisa\u2019da y\u00fczde 60 oy al\u0131yorsa kadrolar\u0131n\u0131n bu israf d\u00fczenini bitirip, hizmeti getirece\u011fine olan inanc\u0131ndan. Babas\u0131n\u0131, dedesini, day\u0131s\u0131n\u0131, anas\u0131n\u0131 herkesin tan\u0131d\u0131\u011f\u0131 p\u0131r\u0131l p\u0131r\u0131l bir aday\u0131n ne yapaca\u011f\u0131n\u0131 bildi\u011finden. Her taziyesine, her d\u00fc\u011f\u00fcn\u00fcne, her yeme\u011fine, her ac\u0131s\u0131na, her sevincine ko\u015fan kadrolar\u0131n asla \u00e7\u0131kar ili\u015fkileri i\u00e7inde olmad\u0131\u011f\u0131n\u0131 bildi\u011finden. Bu parti evlatlar\u0131n\u0131n temizli\u011fini bildi\u011finden, emin oldu\u011fundan y\u00fczde 60\u2019larla Kula gibi bir yerde y\u00fczde 50\u2019lerle se\u00e7imler kazanabilmi\u015fiz. Buradan b\u00fct\u00fcn T\u00fcrkiye\u2019ye s\u00f6ylemek isteriz ki, Tayyip Erdo\u011fan ve ekibi elindeki kiri karay\u0131 bize bula\u015ft\u0131rmaya \u00e7al\u0131\u015f\u0131yor. Bu oyuna gelmeyiz. Cumhuriyet Halk Partililer kendilerini bilirler, bizleri bilirler, b\u00fct\u00fcn T\u00fcrkiye onlar\u0131 bilir. Cumhuriyet Halk Partisi d\u00fcr\u00fcstl\u00fc\u011f\u00fcn, namuslulu\u011fun, hesap verilebilirli\u011fin ve \u015feffafl\u0131\u011f\u0131n partisidir&#8221; ifadelerini kulland\u0131.<\/p>\n<p>&#8220;Manisa\u2019n\u0131n sonu\u00e7lar\u0131 5 milletvekilinin geldi\u011fini, 6\u2019nc\u0131s\u0131n\u0131n kap\u0131da oldu\u011funu g\u00f6steriyor&#8221;<br \/>\n<br \/>Son yapt\u0131klar\u0131 anketlere g\u00f6re Manisa\u2019da pazar g\u00fcn\u00fc se\u00e7im olsa oy oranlar\u0131n\u0131n artt\u0131\u011f\u0131n\u0131 g\u00f6rd\u00fcklerini belirten \u00d6zel, &#8220;Manisa\u2019daki son se\u00e7imlerin 16-17 puan ilerisindeyiz. Yani bug\u00fcn 4 milletvekilimiz var ama yap\u0131lan anketler 5 milletvekilinin geldi\u011fini, 6\u2019nc\u0131s\u0131n\u0131n kap\u0131da oldu\u011funu g\u00f6steriyor. Cumhuriyet Halk Partisi iktidara y\u00fcr\u00fcyor&#8221; dedi.<\/p>\n<p>&#8220;Manisa\u2019n\u0131n turizm potansiyeli artt\u0131r\u0131lacak&#8221;<br \/>\n<br \/>A\u00e7\u0131l\u0131\u015f t\u00f6reninde bir konu\u015fma yapan Manisa B\u00fcy\u00fck\u015fehir Belediye Ba\u015fkan\u0131 Ferdi Zeyrek ise, &#8220;Manisa\u2019n\u0131n her k\u00f6\u015fesinde bacas\u0131z fabrikalar\u0131m\u0131z var. Bizim en b\u00fcy\u00fck g\u00f6revlerimizden bir tanesi bu de\u011ferlerimizi yar\u0131nlar\u0131m\u0131za aktarmakt\u0131r. Salihli ve Kula Belediye ba\u015fkanlar\u0131m\u0131zla birlikte el ele vererek jeopark\u0131m\u0131z\u0131 daha da geli\u015ftirmek i\u00e7in \u00e7al\u0131\u015faca\u011f\u0131z. Manisa\u2019da mitolojik d\u00f6nemden ba\u015flayarak Osmanl\u0131 d\u00f6nemine ve Cumhuriyet\u2019in ilk d\u00f6nemlerine ait olan 3 bin tane koruma alt\u0131na al\u0131nm\u0131\u015f olan eserimiz var. Bunlar\u0131n say\u0131s\u0131n\u0131 artt\u0131rarak, bu eserleri korumak bizim en b\u00fcy\u00fck hedefimiz olacakt\u0131r.  Manisa\u2019n\u0131n da art\u0131k hak etti\u011fi turist say\u0131s\u0131na ula\u015fmas\u0131 ve turizmin de bir gelir kap\u0131s\u0131 oldu\u011funu hem esnaf\u0131m\u0131za hem de \u015fehrimize kataca\u011f\u0131 de\u011ferleri g\u00f6stermek istiyoruz. Dolay\u0131s\u0131yla bug\u00fcn burada olmak, bu a\u00e7\u0131l\u0131\u015f\u0131 yapmak bizler i\u00e7in ger\u00e7ekten \u00e7ok mutluluk verici. G\u00f6reve geldikten sonra b\u00f6lgenin meydan d\u00fczenlemelerini, yeni alanlar\u0131n a\u00e7\u0131lmas\u0131n\u0131 sa\u011flad\u0131k. \u0130n\u015fallah bizden sonraki gelecek olanlar da buralar\u0131 daha fazla geli\u015ftirecektir. Buras\u0131yla ilgili ne kadar \u00e7ok konu\u015fursak ne kadar \u00e7ok buralar\u0131 gezersek o kadar fark\u0131ndal\u0131\u011f\u0131 artar, yabanc\u0131 ve yerli turistlerimizi \u015fehrimize davet edebiliriz&#8221; dedi.<br \/>\n<br \/>Manisa B\u00fcy\u00fck\u015fehir Belediyesi ve Jeopark Belediyeler Birli\u011fi\u2019nce, Zafer Kalk\u0131nma Ajans\u0131\u2019n\u0131n da hibe deste\u011fi ile yap\u0131m\u0131 tamamlanan Jeopark Ziyaret\u00e7i Merkezi\u2019nde; ziyaret\u00e7i bekleme alanlar\u0131, sosyal tesisler, toplant\u0131 ve e\u011fitim salonu, ara\u00e7 otopark\u0131 gibi alanlar yer al\u0131yor.<br \/>\n<br \/>A\u00e7\u0131l\u0131\u015fa CHP Manisa Milletvekili Ahmet Vehbi Bak\u0131rl\u0131o\u011flu, Bekir Ba\u015fevirgen, Selma Aliye Kavaf, B\u00fcy\u00fck\u015fehir Belediye Ba\u015fkan\u0131 Ferdi Zeyrek, CHP Manisa \u0130l Ba\u015fkan\u0131 \u0130lksen \u00d6zalper, eski Manisa milletvekilleri, \u00e7evre il\u00e7elerin belediye ba\u015fkanlar\u0131, kad\u0131n ve gen\u00e7lik kollar\u0131 da kat\u0131ld\u0131.<br \/><\/p>\n","protected":false},"excerpt":{"rendered":"<p>MAN\u0130SA (\u0130HA) \u2013 Cumhuriyet Halk Partisi (CHP) Genel Ba\u015fkan\u0131 \u00d6zg\u00fcr \u00d6zel, &#8220;Partimiz \u00e7irkin bir sald\u0131r\u0131n\u0131n alt\u0131nda. Hepinizin g\u00f6z\u00fcn\u00fcn \u00f6n\u00fcnde olmu\u015f kurultay\u0131m\u0131zda, T\u00fcrkiye Cumhuriyeti tarihinde ilk kez bu kadar \u015feffaf, bu kadar a\u00e7\u0131k, yar\u0131\u015fmac\u0131 ama birbirine sayg\u0131l\u0131, herkesin g\u00f6z\u00fcn\u00fcn \u00f6n\u00fcnde olmu\u015f kurultay\u0131m\u0131za, kendilerince kara \u00e7almak i\u00e7in kirli ellerini partimizi uzatmaya \u00e7al\u0131\u015f\u0131yorlar&#8221; dedi. CHP Genel Ba\u015fkan\u0131 \u00d6zg\u00fcr&#8230;<\/p>\n","protected":false},"author":1,"featured_media":19395,"comment_status":"open","ping_status":"open","sticky":false,"template":"","format":"standard","meta":{"_crdt_document":"","footnotes":""},"categories":[127],"tags":[],"class_list":["post-19394","post","type-post","status-publish","format-standard","has-post-thumbnail","hentry","category-siyaset"],"_links":{"self":[{"href":"https:\/\/www.egemtv.com\/index.php?rest_route=\/wp\/v2\/posts\/19394","targetHints":{"allow":["GET"]}}],"collection":[{"href":"https:\/\/www.egemtv.com\/index.php?rest_route=\/wp\/v2\/posts"}],"about":[{"href":"https:\/\/www.egemtv.com\/index.php?rest_route=\/wp\/v2\/types\/post"}],"author":[{"embeddable":true,"href":"https:\/\/www.egemtv.com\/index.php?rest_route=\/wp\/v2\/users\/1"}],"replies":[{"embeddable":true,"href":"https:\/\/www.egemtv.com\/index.php?rest_route=%2Fwp%2Fv2%2Fcomments&post=19394"}],"version-history":[{"count":1,"href":"https:\/\/www.egemtv.com\/index.php?rest_route=\/wp\/v2\/posts\/19394\/revisions"}],"predecessor-version":[{"id":19396,"href":"https:\/\/www.egemtv.com\/index.php?rest_route=\/wp\/v2\/posts\/19394\/revisions\/19396"}],"wp:featuredmedia":[{"embeddable":true,"href":"https:\/\/www.egemtv.com\/index.php?rest_route=\/wp\/v2\/media\/19395"}],"wp:attachment":[{"href":"https:\/\/www.egemtv.com\/index.php?rest_route=%2Fwp%2Fv2%2Fmedia&parent=19394"}],"wp:term":[{"taxonomy":"category","embeddable":true,"href":"https:\/\/www.egemtv.com\/index.php?rest_route=%2Fwp%2Fv2%2Fcategories&post=19394"},{"taxonomy":"post_tag","embeddable":true,"href":"https:\/\/www.egemtv.com\/index.php?rest_route=%2Fwp%2Fv2%2Ftags&post=19394"}],"curies":[{"name":"wp","href":"https:\/\/api.w.org\/{rel}","templated":true}]}}