{"id":19391,"date":"2025-02-16T15:18:28","date_gmt":"2025-02-16T12:18:28","guid":{"rendered":"https:\/\/www.egemtv.com\/?p=19391"},"modified":"2025-02-16T15:18:33","modified_gmt":"2025-02-16T12:18:33","slug":"esi-kendini-toparla-dedi-turkiye-ve-avrupa-sampiyonu-oldu","status":"publish","type":"post","link":"https:\/\/www.egemtv.com\/?p=19391","title":{"rendered":"E\u015fi \u2019kendini toparla\u2019 dedi, T\u00fcrkiye ve Avrupa \u015fampiyonu oldu"},"content":{"rendered":"<p>Ayd\u0131n\u2019\u0131n Efeler il\u00e7esinde ya\u015fayan 64 ya\u015f\u0131ndaki Hakk\u0131 Bozat, 14 y\u0131l \u00f6nce e\u015finin sarkan kollar\u0131n\u0131 g\u00f6rmesinin ard\u0131ndan s\u00f6yledi\u011fi \u2019kendini toparla\u2019 s\u00f6z\u00fcyle gitti\u011fi spor salonunda g\u00fc\u00e7 sporu powerlifting ile tan\u0131\u015fan Bozat, 2011 y\u0131l\u0131ndan bu yana ba\u015flad\u0131\u011f\u0131 sporda say\u0131s\u0131z ba\u015far\u0131lar elde ederek T\u00fcrkiye ve Avrupa \u015fampiyonluklar\u0131 elde etti.<br \/>\n<br \/>Ayd\u0131n\u2019\u0131n Efeler il\u00e7esinde ya\u015fayan 64 ya\u015f\u0131ndaki Hakk\u0131 Bozat, azim dolu hikayesi ile gen\u00e7lere \u00f6rnek oluyor. 50 ya\u015f\u0131ndayken e\u015finin sarkan kollar\u0131n\u0131 g\u00f6rmesi ve \u2019kendini toparla biraz\u2019 s\u00f6z\u00fc \u00fczerine spora ba\u015flayan Bozat, spor salonunda tan\u0131\u015ft\u0131\u011f\u0131 g\u00fc\u00e7 sporu powerlifting ile adeta hayat\u0131n\u0131 de\u011fi\u015ftirdi. Powerlifting sporunu \u00e7ok seven ve kendisini geli\u015ftiren Bozat, 14 y\u0131lda \u00e7ok say\u0131da T\u00fcrkiye ve Avrupa \u015fampiyonluklar\u0131 elde etti. Son olarak \u0130stanbul\u2019da ger\u00e7ekle\u015ftirilen Powerlifting T\u00fcrkiye \u015eampiyonas\u0131\u2019nda da kendi kategorisinde T\u00fcrkiye \u015eampiyonu olmay\u0131 ba\u015faran Bozat, her \u015fampiyonada da kendi rekorlar\u0131n\u0131 k\u0131rmaya devam ediyor. G\u00fcn\u00fcn\u00fcn b\u00fcy\u00fck bir k\u0131sm\u0131n\u0131 spor salonunda ge\u00e7iren ve antrenmanlar\u0131na ara vermeyen Bozat, her g\u00fcn kald\u0131rd\u0131\u011f\u0131 a\u011f\u0131rl\u0131klar\u0131n\u0131 da not ederek disiplini elden b\u0131rakm\u0131yor.<\/p>\n<p>&#8220;\u0130lk yar\u0131\u015fmamdaki \u015fampiyonlu\u011fum beni ate\u015fledi&#8221;<br \/>\n<br \/>Spora ba\u015flama hikayesinin de ilgin\u00e7 oldu\u011funu belirten Bozat, &#8220;Spora ba\u015flamam\u0131n hikayesi de \u00e7ok g\u00fczel. Koltukta otururken sarkan kollar\u0131m\u0131 g\u00f6ren e\u015fim \u2019ya herif git kendini toparla\u2019 dedi. Bir nevi o beni bu yola y\u00f6nlendirmi\u015f oldu. Tabi sonra salona gittim ve orada a\u011f\u0131r arkada\u015flarla tan\u0131\u015ft\u0131m. G\u00fc\u00e7 sporu yapan arkada\u015flarla tan\u0131\u015ft\u0131m ve ben 2011\u2019de bu sporu yapmak istiyorum dedim. Ya\u015f\u0131m 50\u2019ye gelmi\u015fti o zaman ve \u00f6yle bir ba\u015flang\u0131\u00e7 yapt\u0131k. \u0130lk yar\u0131\u015fmamda 85 kilo basm\u0131\u015ft\u0131m. Orada ate\u015flendim. 2 hafta sonra 600 kilometre yol yap\u0131p Almanya \u015eampiyonas\u0131\u2019na kat\u0131ld\u0131m. Orada powerlifting derecesi yapt\u0131m. Gene Almanya birincisi oldum. Hi\u00e7 ummad\u0131\u011f\u0131m bir \u015fekilde. 2011\u2019den 2019\u2019a kadar d\u00fczenli bir \u015fekilde her y\u0131l yar\u0131\u015fmalara kat\u0131ld\u0131m. 2019\u2019da son yar\u0131\u015fmam Ankara\u2019da idi. 2020\u2019de de gelen pandemi ortal\u0131\u011f\u0131 mahvetti. 5 sene aradan sonra bu sene \u0130stanbul\u2019da d\u00fczenlenen T\u00fcrkiye \u015eampiyonas\u0131\u2019na gittim. Yar\u0131\u015fmak asl\u0131nda hi\u00e7 kafamda yoktu. Feci bir \u015fekilde ci\u011ferlerimi \u00fc\u015f\u00fctm\u00fc\u015ft\u00fcm. Ama hat\u0131r i\u00e7in gitti\u011fim yerde dedim kat\u0131lay\u0131m. \u0130yi ki de kat\u0131lm\u0131\u015f\u0131m. Bu sene de derece yap\u0131p geldik. IPF T\u00fcrkiye \u015eampiyonu oldum. K\u0131sacas\u0131 2011\u2019den 2025\u2019e kadar gelmi\u015f oldum&#8221; dedi.<\/p>\n<p>&#8220;\u0130nsan\u0131 disipline sokan bir spor&#8221;<br \/>\n<br \/>50 ya\u015f\u0131nda spora ba\u015flamas\u0131 \u00fczerine ilk ba\u015flarda \u00e7ok ele\u015ftiriler ald\u0131\u011f\u0131n\u0131 da belirten Bozat, &#8220;Hedeflerimde, Allah k\u0131smet ederse Nisan ay\u0131nda Almanya\u2019da Uluslararas\u0131 Almanya \u015eampiyonas\u0131 var. \u0130n\u015fallah oraya da kat\u0131l\u0131r\u0131m. Temmuz ay\u0131nda Avrupa \u015eampiyonas\u0131 var. Yava\u015f yava\u015f, ad\u0131m ad\u0131m hedeflere do\u011fru gitmek istiyorum. Tabii arkamda g\u00fczel insanlar da var. Mesela Mehmet \u00d6zen gibi salon sahibi arkada\u015f\u0131m\u0131z. Onlar\u0131n b\u00fcy\u00fck deste\u011fi oldu\u011fu i\u00e7in onlara te\u015fekk\u00fcr ediyorum. En b\u00fcy\u00fck te\u015fekk\u00fcr\u00fc de e\u015fime ediyorum tabi. \u0130lk ba\u015flarda spora ba\u015flad\u0131\u011f\u0131m i\u00e7in \u00e7ok ele\u015ftiriler ald\u0131m. Sonu\u00e7ta 50 ya\u015f\u0131na gelmi\u015f bir adam niye b\u00f6yle a\u011f\u0131r spor yapar, niye bisiklet s\u00fcrmez, niye y\u00fczmeye gitmez, y\u00fcr\u00fcy\u00fc\u015fler yapmaz diye ele\u015ftiriler ald\u0131m. Bu a\u011f\u0131r bir spor, disiplin isteyen bir spor. Her hareketin d\u00fczg\u00fcn, nizami bir \u015fekilde yap\u0131lmas\u0131 gerekiyor. \u015eakay\u0131 kald\u0131rmayan bir spor oldu\u011fu i\u00e7in ben bunu \u00e7ok sevdim. Herkes bana diyor ki \u2019sen bu sporu niye yap\u0131yorsun?\u2019 Ben de onlara diyorum ki siz niye sporu yapm\u0131yorsunuz? Bence lifting g\u00fc\u00e7 sporu olarak d\u00f6v\u00fc\u015f sporlar\u0131ndan bile daha iyi. \u0130nsan\u0131 disipline sokan, uyku d\u00fczenini d\u00fczenleyen. \u0130nsan\u0131 d\u00fc\u015f\u00fcnmeye y\u00f6nelten bir spor. \u00c7ocuklar\u0131m da ba\u015fta, bu sporu yapt\u0131\u011f\u0131m i\u00e7in \u2019Baba bu \u00e7ok a\u011f\u0131r. Bu kadar zorlama kendini\u2019 dediler. Fakat dereceler birer birer gelince. Avrupa \u015eampiyonu, D\u00fcnya \u0130kincisi, T\u00fcrkiye \u015eampiyonu olunca onlar\u0131n da g\u00f6r\u00fc\u015f\u00fc de\u011fi\u015fti. \u015eimdi onlar da beni destekliyor. Hatta torunum \u2019dede ben de senin gibi g\u00fc\u00e7l\u00fc olmak\u2019 istiyorum diyor&#8221; \u015feklinde konu\u015ftu.<\/p>\n<p>&#8220;E\u015fim bir nevi antren\u00f6r\u00fcm oldu&#8221;<br \/>\n<br \/>E\u015finin adeta bir antren\u00f6r gibi evdeki antrenmanlar\u0131nda yard\u0131m etti\u011fini ifade eden Bozat, &#8220;E\u015fim sa\u011f olsun benim evde de baz\u0131 aletlerim var. S\u0131k\u0131\u015ft\u0131\u011f\u0131m zaman hatun diyorum, gel arkamda bana destek ol. \u015eimdi sorgulamadan diyebiliyor. Yani yar\u0131\u015fmaya m\u0131 gideceksin, git salona m\u0131 gideceksin, git diyor. Her zaman yan\u0131mda oldu\u011fu i\u00e7in ona \u00e7ok \u00e7ok te\u015fekk\u00fcr ediyorum. Sonu\u00e7ta hep hata yapabiliyoruz. Bench pressde mesela 70 kiloda, 80 kiloda. Baz\u0131 hareketleri yanl\u0131\u015f yapt\u0131\u011f\u0131m zaman e\u015fim, hemen m\u00fcdahale edip \u2019bar g\u00f6\u011fs\u00fcne de\u011fmedi\u2019 diyor. Bir nevi benim antren\u00f6r\u00fcm oldu diyebilirim yani. Onun da g\u00f6z\u00fcnden ka\u00e7m\u0131yor b\u00f6yle yapm\u0131\u015f oldu\u011fum k\u00fc\u00e7\u00fck hatalar&#8221; dedi.<br \/><\/p>\n","protected":false},"excerpt":{"rendered":"<p>Ayd\u0131n\u2019\u0131n Efeler il\u00e7esinde ya\u015fayan 64 ya\u015f\u0131ndaki Hakk\u0131 Bozat, 14 y\u0131l \u00f6nce e\u015finin sarkan kollar\u0131n\u0131 g\u00f6rmesinin ard\u0131ndan s\u00f6yledi\u011fi \u2019kendini toparla\u2019 s\u00f6z\u00fcyle gitti\u011fi spor salonunda g\u00fc\u00e7 sporu powerlifting ile tan\u0131\u015fan Bozat, 2011 y\u0131l\u0131ndan bu yana ba\u015flad\u0131\u011f\u0131 sporda say\u0131s\u0131z ba\u015far\u0131lar elde ederek T\u00fcrkiye ve Avrupa \u015fampiyonluklar\u0131 elde etti. Ayd\u0131n\u2019\u0131n Efeler il\u00e7esinde ya\u015fayan 64 ya\u015f\u0131ndaki Hakk\u0131 Bozat, azim dolu&#8230;<\/p>\n","protected":false},"author":1,"featured_media":19392,"comment_status":"open","ping_status":"open","sticky":false,"template":"","format":"standard","meta":{"_crdt_document":"","footnotes":""},"categories":[123],"tags":[],"class_list":["post-19391","post","type-post","status-publish","format-standard","has-post-thumbnail","hentry","category-gundem"],"_links":{"self":[{"href":"https:\/\/www.egemtv.com\/index.php?rest_route=\/wp\/v2\/posts\/19391","targetHints":{"allow":["GET"]}}],"collection":[{"href":"https:\/\/www.egemtv.com\/index.php?rest_route=\/wp\/v2\/posts"}],"about":[{"href":"https:\/\/www.egemtv.com\/index.php?rest_route=\/wp\/v2\/types\/post"}],"author":[{"embeddable":true,"href":"https:\/\/www.egemtv.com\/index.php?rest_route=\/wp\/v2\/users\/1"}],"replies":[{"embeddable":true,"href":"https:\/\/www.egemtv.com\/index.php?rest_route=%2Fwp%2Fv2%2Fcomments&post=19391"}],"version-history":[{"count":1,"href":"https:\/\/www.egemtv.com\/index.php?rest_route=\/wp\/v2\/posts\/19391\/revisions"}],"predecessor-version":[{"id":19393,"href":"https:\/\/www.egemtv.com\/index.php?rest_route=\/wp\/v2\/posts\/19391\/revisions\/19393"}],"wp:featuredmedia":[{"embeddable":true,"href":"https:\/\/www.egemtv.com\/index.php?rest_route=\/wp\/v2\/media\/19392"}],"wp:attachment":[{"href":"https:\/\/www.egemtv.com\/index.php?rest_route=%2Fwp%2Fv2%2Fmedia&parent=19391"}],"wp:term":[{"taxonomy":"category","embeddable":true,"href":"https:\/\/www.egemtv.com\/index.php?rest_route=%2Fwp%2Fv2%2Fcategories&post=19391"},{"taxonomy":"post_tag","embeddable":true,"href":"https:\/\/www.egemtv.com\/index.php?rest_route=%2Fwp%2Fv2%2Ftags&post=19391"}],"curies":[{"name":"wp","href":"https:\/\/api.w.org\/{rel}","templated":true}]}}