{"id":19388,"date":"2025-02-16T15:07:13","date_gmt":"2025-02-16T12:07:13","guid":{"rendered":"https:\/\/www.egemtv.com\/?p=19388"},"modified":"2025-02-16T15:07:15","modified_gmt":"2025-02-16T12:07:15","slug":"milletvekili-yurdunusevenin-yaralandigi-kaza-guvenlik-kamerasinda","status":"publish","type":"post","link":"https:\/\/www.egemtv.com\/?p=19388","title":{"rendered":"Milletvekili Yurdunuseven\u2019in yaraland\u0131\u011f\u0131 kaza g\u00fcvenlik kameras\u0131nda"},"content":{"rendered":"<p>AK Parti Afyonkarahisar Milletvekili \u0130brahim Yurdunuseven\u2019in i\u00e7erisinde bulundu\u011fu minib\u00fcs\u00fcn kar\u0131\u015ft\u0131\u011f\u0131 trafik kazas\u0131 bir i\u015f yerinin g\u00fcvenlik kameras\u0131na yans\u0131d\u0131. Hastane\u2019de tedavisi devam eden Yudunuseven\u2019in kaburgas\u0131nda k\u0131r\u0131klar oldu\u011fu ve yakla\u015f\u0131k 3 hafta tedavi g\u00f6rece\u011fi \u00f6\u011frenildi.<br \/>\n<br \/>Afyonkarahisar\u2019\u0131n Sinanpa\u015fa il\u00e7esinde otomobil ile hafif ticari arac\u0131n \u00e7arp\u0131\u015ft\u0131\u011f\u0131 kazada, aralar\u0131nda AK Parti Afyonkarahisar Milletvekili \u0130brahim Yurdunuseven ile AK Parti \u0130l Ba\u015fkan\u0131 Turgay \u015eahin\u2019in de bulundu\u011fu 6 ki\u015fi yaralan\u0131rken, yaral\u0131lar\u0131n 5\u2019inin taburcu edildi\u011fi, tedavisi devam eden Yurdunuseven\u2019in ise hayati tehlikesinin bulunmad\u0131\u011f\u0131 bildirildi.<\/p>\n<p>Afyonkarahisar-Antalya kara yolu T\u0131naztepe beldesi yak\u0131nlar\u0131nda s\u00fcr\u00fcc\u00fcleri ve plakalar\u0131 hen\u00fcz belirlenemeyen bir otomobil ile hafif ticari ara\u00e7 \u00e7arp\u0131\u015ft\u0131. Kazada, AK Parti Afyonkarahisar Milletvekili Yurdunuseven, \u0130l Ba\u015fkan\u0131 Turgay \u015eahin ile dan\u0131\u015fmanlar Hayati Kanat, Oktay Y\u00fcksel ve ismi tespit edilemeyen ara\u00e7 \u015fof\u00f6r\u00fc ile di\u011fer ara\u00e7 s\u00fcr\u00fcc\u00fcs\u00fc yaraland\u0131. Yaral\u0131lar kaza sonras\u0131 \u00e7evredekilerin haber vermesi ile b\u00f6lgeye gelen ambulanslarla hastanelere kald\u0131r\u0131ld\u0131. Yaral\u0131lardan Ba\u015fkan \u015eahin, Kanat, Y\u00fcksel ve bir ki\u015fi daha taburcu edildi. Yaralanan Milletvekili Yurdunuseven\u2019in kaburgas\u0131nda k\u0131r\u0131klar oldu\u011fu \u00f6\u011frenilirken hastanedeki tedavisinin devam etti\u011fi bildirildi.<br \/>\n<br \/>Ya\u015fanan kazan\u0131n ortaya \u00e7\u0131kan g\u00fcvenlik kameras\u0131 g\u00f6r\u00fcnt\u00fcleri ise ya\u015fanan kazan\u0131n deh\u015fetini g\u00f6zler \u00f6n\u00fcne serdi. G\u00f6r\u00fcnt\u00fclerde yola kontrols\u00fcz \u015fekilde \u00e7\u0131kt\u0131\u011f\u0131 \u00f6ne s\u00fcr\u00fclen hafif ticari araca Yurdunuseven\u2019in de i\u00e7erisinde bulundu\u011fu minib\u00fcs\u00fcn \u00e7arpmas\u0131 ve daha sonra iki arac\u0131n savrulmas\u0131 yer al\u0131yor.<br \/><\/p>\n","protected":false},"excerpt":{"rendered":"<p>AK Parti Afyonkarahisar Milletvekili \u0130brahim Yurdunuseven\u2019in i\u00e7erisinde bulundu\u011fu minib\u00fcs\u00fcn kar\u0131\u015ft\u0131\u011f\u0131 trafik kazas\u0131 bir i\u015f yerinin g\u00fcvenlik kameras\u0131na yans\u0131d\u0131. Hastane\u2019de tedavisi devam eden Yudunuseven\u2019in kaburgas\u0131nda k\u0131r\u0131klar oldu\u011fu ve yakla\u015f\u0131k 3 hafta tedavi g\u00f6rece\u011fi \u00f6\u011frenildi. Afyonkarahisar\u2019\u0131n Sinanpa\u015fa il\u00e7esinde otomobil ile hafif ticari arac\u0131n \u00e7arp\u0131\u015ft\u0131\u011f\u0131 kazada, aralar\u0131nda AK Parti Afyonkarahisar Milletvekili \u0130brahim Yurdunuseven ile AK Parti \u0130l Ba\u015fkan\u0131&#8230;<\/p>\n","protected":false},"author":1,"featured_media":19389,"comment_status":"open","ping_status":"open","sticky":false,"template":"","format":"standard","meta":{"_crdt_document":"","footnotes":""},"categories":[5],"tags":[],"class_list":["post-19388","post","type-post","status-publish","format-standard","has-post-thumbnail","hentry","category-asayis"],"_links":{"self":[{"href":"https:\/\/www.egemtv.com\/index.php?rest_route=\/wp\/v2\/posts\/19388","targetHints":{"allow":["GET"]}}],"collection":[{"href":"https:\/\/www.egemtv.com\/index.php?rest_route=\/wp\/v2\/posts"}],"about":[{"href":"https:\/\/www.egemtv.com\/index.php?rest_route=\/wp\/v2\/types\/post"}],"author":[{"embeddable":true,"href":"https:\/\/www.egemtv.com\/index.php?rest_route=\/wp\/v2\/users\/1"}],"replies":[{"embeddable":true,"href":"https:\/\/www.egemtv.com\/index.php?rest_route=%2Fwp%2Fv2%2Fcomments&post=19388"}],"version-history":[{"count":1,"href":"https:\/\/www.egemtv.com\/index.php?rest_route=\/wp\/v2\/posts\/19388\/revisions"}],"predecessor-version":[{"id":19390,"href":"https:\/\/www.egemtv.com\/index.php?rest_route=\/wp\/v2\/posts\/19388\/revisions\/19390"}],"wp:featuredmedia":[{"embeddable":true,"href":"https:\/\/www.egemtv.com\/index.php?rest_route=\/wp\/v2\/media\/19389"}],"wp:attachment":[{"href":"https:\/\/www.egemtv.com\/index.php?rest_route=%2Fwp%2Fv2%2Fmedia&parent=19388"}],"wp:term":[{"taxonomy":"category","embeddable":true,"href":"https:\/\/www.egemtv.com\/index.php?rest_route=%2Fwp%2Fv2%2Fcategories&post=19388"},{"taxonomy":"post_tag","embeddable":true,"href":"https:\/\/www.egemtv.com\/index.php?rest_route=%2Fwp%2Fv2%2Ftags&post=19388"}],"curies":[{"name":"wp","href":"https:\/\/api.w.org\/{rel}","templated":true}]}}