{"id":19385,"date":"2025-02-16T15:07:04","date_gmt":"2025-02-16T12:07:04","guid":{"rendered":"https:\/\/www.egemtv.com\/?p=19385"},"modified":"2025-02-16T15:07:12","modified_gmt":"2025-02-16T12:07:12","slug":"datcada-festival-yogunlugu-sahillere-tasti","status":"publish","type":"post","link":"https:\/\/www.egemtv.com\/?p=19385","title":{"rendered":"Dat\u00e7a\u2019da festival yo\u011funlu\u011fu sahillere ta\u015ft\u0131"},"content":{"rendered":"<p>Mu\u011fla\u2019n\u0131n Dat\u00e7a il\u00e7esinde ger\u00e7ekle\u015ftirilen Geleneksel Dat\u00e7a Badem \u00c7i\u00e7e\u011fi Festivali, yo\u011fun bir kat\u0131l\u0131mla devam ederken, hava s\u0131cakl\u0131\u011f\u0131n\u0131n 15 dereceleri buldu\u011fu il\u00e7ede g\u00fcne\u015fi g\u00f6ren vatanda\u015flar sahillere ak\u0131n etti.<\/p>\n<p>Dat\u00e7a\u2019da geleneksel hale gelen ve 13-16 \u015eubat tarihleri aras\u0131nda ger\u00e7ekle\u015ftirilen Badem \u00c7i\u00e7e\u011fi Festivali, son g\u00fcn\u00fcnde de yo\u011fun bir kat\u0131l\u0131mla ger\u00e7ekle\u015ftirildi. Festival kapsam\u0131nda il\u00e7e genelinde birbirinden farkl\u0131 etkinliklerin d\u00fczenlendi\u011fi ve 4 g\u00fcn s\u00fcren festivalin son g\u00fcn\u00fcnde ise hakim olan g\u00fcne\u015fli hava yo\u011funlu\u011fu art\u0131rd\u0131. S\u0131cakl\u0131klar\u0131n 15 dereceyi buldu\u011fu il\u00e7e genelinde g\u00fcne\u015fi g\u00f6ren vatanda\u015flar sahil kenarlar\u0131na ak\u0131n etti. \u0130l\u00e7edeki kumluk, hastane alt\u0131 ve ta\u015fl\u0131k plajlar\u0131, vatanda\u015flarla dolup ta\u015farken ortaya \u00e7\u0131kan g\u00f6r\u00fcnt\u00fcler ise yaz aylar\u0131n\u0131 aratmad\u0131. G\u00fcne\u015fli havay\u0131 f\u0131rsat bilen \u00e7ok say\u0131daki vatanda\u015flar bir yandan festivalin bir yandan da plajlar\u0131n tad\u0131n\u0131 \u00e7\u0131kard\u0131. Baz\u0131 vatanda\u015flar sahilde g\u00fcne\u015flenirken baz\u0131 vatanda\u015flar da sahilde y\u00fcr\u00fcy\u00fc\u015f yapt\u0131. S\u0131cak hava ile birlikte aileleriyle plajlara gelen \u00e7ocuklar da deniz kenar\u0131nda ko\u015fturarak kum oynad\u0131.<br \/><\/p>\n","protected":false},"excerpt":{"rendered":"<p>Mu\u011fla\u2019n\u0131n Dat\u00e7a il\u00e7esinde ger\u00e7ekle\u015ftirilen Geleneksel Dat\u00e7a Badem \u00c7i\u00e7e\u011fi Festivali, yo\u011fun bir kat\u0131l\u0131mla devam ederken, hava s\u0131cakl\u0131\u011f\u0131n\u0131n 15 dereceleri buldu\u011fu il\u00e7ede g\u00fcne\u015fi g\u00f6ren vatanda\u015flar sahillere ak\u0131n etti. Dat\u00e7a\u2019da geleneksel hale gelen ve 13-16 \u015eubat tarihleri aras\u0131nda ger\u00e7ekle\u015ftirilen Badem \u00c7i\u00e7e\u011fi Festivali, son g\u00fcn\u00fcnde de yo\u011fun bir kat\u0131l\u0131mla ger\u00e7ekle\u015ftirildi. Festival kapsam\u0131nda il\u00e7e genelinde birbirinden farkl\u0131 etkinliklerin d\u00fczenlendi\u011fi ve&#8230;<\/p>\n","protected":false},"author":1,"featured_media":19386,"comment_status":"open","ping_status":"open","sticky":false,"template":"","format":"standard","meta":{"_crdt_document":"","footnotes":""},"categories":[1],"tags":[],"class_list":["post-19385","post","type-post","status-publish","format-standard","has-post-thumbnail","hentry","category-guncel"],"_links":{"self":[{"href":"https:\/\/www.egemtv.com\/index.php?rest_route=\/wp\/v2\/posts\/19385","targetHints":{"allow":["GET"]}}],"collection":[{"href":"https:\/\/www.egemtv.com\/index.php?rest_route=\/wp\/v2\/posts"}],"about":[{"href":"https:\/\/www.egemtv.com\/index.php?rest_route=\/wp\/v2\/types\/post"}],"author":[{"embeddable":true,"href":"https:\/\/www.egemtv.com\/index.php?rest_route=\/wp\/v2\/users\/1"}],"replies":[{"embeddable":true,"href":"https:\/\/www.egemtv.com\/index.php?rest_route=%2Fwp%2Fv2%2Fcomments&post=19385"}],"version-history":[{"count":1,"href":"https:\/\/www.egemtv.com\/index.php?rest_route=\/wp\/v2\/posts\/19385\/revisions"}],"predecessor-version":[{"id":19387,"href":"https:\/\/www.egemtv.com\/index.php?rest_route=\/wp\/v2\/posts\/19385\/revisions\/19387"}],"wp:featuredmedia":[{"embeddable":true,"href":"https:\/\/www.egemtv.com\/index.php?rest_route=\/wp\/v2\/media\/19386"}],"wp:attachment":[{"href":"https:\/\/www.egemtv.com\/index.php?rest_route=%2Fwp%2Fv2%2Fmedia&parent=19385"}],"wp:term":[{"taxonomy":"category","embeddable":true,"href":"https:\/\/www.egemtv.com\/index.php?rest_route=%2Fwp%2Fv2%2Fcategories&post=19385"},{"taxonomy":"post_tag","embeddable":true,"href":"https:\/\/www.egemtv.com\/index.php?rest_route=%2Fwp%2Fv2%2Ftags&post=19385"}],"curies":[{"name":"wp","href":"https:\/\/api.w.org\/{rel}","templated":true}]}}