{"id":19382,"date":"2025-02-16T14:56:49","date_gmt":"2025-02-16T11:56:49","guid":{"rendered":"https:\/\/www.egemtv.com\/?p=19382"},"modified":"2025-02-16T14:56:55","modified_gmt":"2025-02-16T11:56:55","slug":"devrilen-minibuste-2-kisi-yaralandi","status":"publish","type":"post","link":"https:\/\/www.egemtv.com\/?p=19382","title":{"rendered":"Devrilen minib\u00fcste 2 ki\u015fi yaraland\u0131"},"content":{"rendered":"<p>Afyonkarahisar\u2019da kontrolden \u00e7\u0131karak \u015farampole devrilen minib\u00fcste 2 ki\u015fi yaraland\u0131.<br \/>\n<br \/>Kaza, Bolvadin il\u00e7esi \u00e7\u0131k\u0131\u015f\u0131nda meydana geldi. Edinilen bilgilere g\u00f6re, B.D., y\u00f6netimindeki 03 ABD 906 plakal\u0131 minib\u00fcs s\u00fcr\u00fcc\u00fcs\u00fcn\u00fcn hen\u00fcz belirlenemeyen bir sebepten \u00f6t\u00fcr\u00fc direksiyon hakimiyetini kaybetmesi sonucu kontrolden \u00e7\u0131kt\u0131. Savrulan ara\u00e7 ard\u0131ndan yol kenar\u0131ndaki \u015farampole devrildi. Kazada ara\u00e7 s\u00fcr\u00fcc\u00fcs\u00fc ile birlikte E.D., yaraland\u0131. Yaral\u0131lar kaza sonras\u0131 \u00e7evredekilerin haber vermesi \u00fczerine b\u00f6lgeye gelen ambulanslarla hastanelere kald\u0131r\u0131ld\u0131.<br \/>\n<br \/>Kazan\u0131n ard\u0131ndan jandarma taraf\u0131ndan inceleme ba\u015flat\u0131ld\u0131.<br \/><\/p>\n","protected":false},"excerpt":{"rendered":"<p>Afyonkarahisar\u2019da kontrolden \u00e7\u0131karak \u015farampole devrilen minib\u00fcste 2 ki\u015fi yaraland\u0131. Kaza, Bolvadin il\u00e7esi \u00e7\u0131k\u0131\u015f\u0131nda meydana geldi. Edinilen bilgilere g\u00f6re, B.D., y\u00f6netimindeki 03 ABD 906 plakal\u0131 minib\u00fcs s\u00fcr\u00fcc\u00fcs\u00fcn\u00fcn hen\u00fcz belirlenemeyen bir sebepten \u00f6t\u00fcr\u00fc direksiyon hakimiyetini kaybetmesi sonucu kontrolden \u00e7\u0131kt\u0131. Savrulan ara\u00e7 ard\u0131ndan yol kenar\u0131ndaki \u015farampole devrildi. Kazada ara\u00e7 s\u00fcr\u00fcc\u00fcs\u00fc ile birlikte E.D., yaraland\u0131. Yaral\u0131lar kaza sonras\u0131 \u00e7evredekilerin&#8230;<\/p>\n","protected":false},"author":1,"featured_media":19383,"comment_status":"open","ping_status":"open","sticky":false,"template":"","format":"standard","meta":{"_crdt_document":"","footnotes":""},"categories":[5],"tags":[],"class_list":["post-19382","post","type-post","status-publish","format-standard","has-post-thumbnail","hentry","category-asayis"],"_links":{"self":[{"href":"https:\/\/www.egemtv.com\/index.php?rest_route=\/wp\/v2\/posts\/19382","targetHints":{"allow":["GET"]}}],"collection":[{"href":"https:\/\/www.egemtv.com\/index.php?rest_route=\/wp\/v2\/posts"}],"about":[{"href":"https:\/\/www.egemtv.com\/index.php?rest_route=\/wp\/v2\/types\/post"}],"author":[{"embeddable":true,"href":"https:\/\/www.egemtv.com\/index.php?rest_route=\/wp\/v2\/users\/1"}],"replies":[{"embeddable":true,"href":"https:\/\/www.egemtv.com\/index.php?rest_route=%2Fwp%2Fv2%2Fcomments&post=19382"}],"version-history":[{"count":1,"href":"https:\/\/www.egemtv.com\/index.php?rest_route=\/wp\/v2\/posts\/19382\/revisions"}],"predecessor-version":[{"id":19384,"href":"https:\/\/www.egemtv.com\/index.php?rest_route=\/wp\/v2\/posts\/19382\/revisions\/19384"}],"wp:featuredmedia":[{"embeddable":true,"href":"https:\/\/www.egemtv.com\/index.php?rest_route=\/wp\/v2\/media\/19383"}],"wp:attachment":[{"href":"https:\/\/www.egemtv.com\/index.php?rest_route=%2Fwp%2Fv2%2Fmedia&parent=19382"}],"wp:term":[{"taxonomy":"category","embeddable":true,"href":"https:\/\/www.egemtv.com\/index.php?rest_route=%2Fwp%2Fv2%2Fcategories&post=19382"},{"taxonomy":"post_tag","embeddable":true,"href":"https:\/\/www.egemtv.com\/index.php?rest_route=%2Fwp%2Fv2%2Ftags&post=19382"}],"curies":[{"name":"wp","href":"https:\/\/api.w.org\/{rel}","templated":true}]}}