{"id":19379,"date":"2025-02-16T14:49:18","date_gmt":"2025-02-16T11:49:18","guid":{"rendered":"https:\/\/www.egemtv.com\/?p=19379"},"modified":"2025-02-16T14:49:22","modified_gmt":"2025-02-16T11:49:22","slug":"sokeli-kibris-gazisi-serafettin-turgut-son-yolculuguna-ugurlandi","status":"publish","type":"post","link":"https:\/\/www.egemtv.com\/?p=19379","title":{"rendered":"S\u00f6keli K\u0131br\u0131s Gazisi \u015eerafettin Turgut son yolculu\u011funa u\u011furland\u0131"},"content":{"rendered":"<p>Ayd\u0131n\u2019\u0131n S\u00f6ke il\u00e7esinde &#8220;Magosa&#8221; lakab\u0131yla tan\u0131nan K\u0131br\u0131s Gazisi \u015eerafettin Turgut son yolculu\u011funa u\u011furland\u0131.<\/p>\n<p>S\u00f6ke \u015eehit Aileleri ve Gazileri Derne\u011fi\u2019nin kurucular\u0131ndan, S\u00f6ke Kaymakaml\u0131\u011f\u0131 personeli Mustafa Kemal Turgut ve S\u00f6ke Belediyesi \u00e7al\u0131\u015fanlar\u0131ndan Mehmet Turgut\u2019un babas\u0131 olan 72 ya\u015f\u0131ndaki \u015eerafettin Turgut\u2019un cenaze t\u00f6reni, \u00f6\u011fle namaz\u0131na m\u00fcteakip Kocacamii\u2019de ger\u00e7ekle\u015fti. K\u0131l\u0131nan namaz\u0131n ard\u0131ndan K\u0131br\u0131s gazisi Turgut, g\u00f6zya\u015flar\u0131yla topra\u011fa verildi.<\/p>\n<p>Askeri erkan\u0131n kat\u0131l\u0131m\u0131 ile ger\u00e7ekle\u015fen cenaze t\u00f6renine Kaymakam Ali Ak\u00e7a, S\u00f6ke Garnizon Komutan Vekili Necdet G\u00fcm\u00fc\u015f, S\u00f6ke Belediye Ba\u015fkan Vekili Fuat Evren G\u00fcl, S\u00f6ke Belediye Ba\u015fkan Yard\u0131mc\u0131s\u0131 Vural Tosun, CHP S\u00f6ke \u0130l\u00e7e Ba\u015fkan\u0131 Muammer Akmazlar, S\u00f6ke \u015eehit Aileleri ve Gazileri Derne\u011fi Ba\u015fkan\u0131 Abdullah K\u00f6ksal ba\u015fta olmak \u00fczere gaziler ve \u00e7ok say\u0131da vatanda\u015f kat\u0131ld\u0131.<br \/>\n<br \/>Gazi \u015eerafettin Turgut\u2019un vefat\u0131 il\u00e7ede \u00fcz\u00fcnt\u00fc ya\u015fatt\u0131.<br \/><\/p>\n","protected":false},"excerpt":{"rendered":"<p>Ayd\u0131n\u2019\u0131n S\u00f6ke il\u00e7esinde &#8220;Magosa&#8221; lakab\u0131yla tan\u0131nan K\u0131br\u0131s Gazisi \u015eerafettin Turgut son yolculu\u011funa u\u011furland\u0131. S\u00f6ke \u015eehit Aileleri ve Gazileri Derne\u011fi\u2019nin kurucular\u0131ndan, S\u00f6ke Kaymakaml\u0131\u011f\u0131 personeli Mustafa Kemal Turgut ve S\u00f6ke Belediyesi \u00e7al\u0131\u015fanlar\u0131ndan Mehmet Turgut\u2019un babas\u0131 olan 72 ya\u015f\u0131ndaki \u015eerafettin Turgut\u2019un cenaze t\u00f6reni, \u00f6\u011fle namaz\u0131na m\u00fcteakip Kocacamii\u2019de ger\u00e7ekle\u015fti. K\u0131l\u0131nan namaz\u0131n ard\u0131ndan K\u0131br\u0131s gazisi Turgut, g\u00f6zya\u015flar\u0131yla topra\u011fa verildi. Askeri&#8230;<\/p>\n","protected":false},"author":1,"featured_media":19380,"comment_status":"open","ping_status":"open","sticky":false,"template":"","format":"standard","meta":{"_crdt_document":"","footnotes":""},"categories":[1],"tags":[],"class_list":["post-19379","post","type-post","status-publish","format-standard","has-post-thumbnail","hentry","category-guncel"],"_links":{"self":[{"href":"https:\/\/www.egemtv.com\/index.php?rest_route=\/wp\/v2\/posts\/19379","targetHints":{"allow":["GET"]}}],"collection":[{"href":"https:\/\/www.egemtv.com\/index.php?rest_route=\/wp\/v2\/posts"}],"about":[{"href":"https:\/\/www.egemtv.com\/index.php?rest_route=\/wp\/v2\/types\/post"}],"author":[{"embeddable":true,"href":"https:\/\/www.egemtv.com\/index.php?rest_route=\/wp\/v2\/users\/1"}],"replies":[{"embeddable":true,"href":"https:\/\/www.egemtv.com\/index.php?rest_route=%2Fwp%2Fv2%2Fcomments&post=19379"}],"version-history":[{"count":1,"href":"https:\/\/www.egemtv.com\/index.php?rest_route=\/wp\/v2\/posts\/19379\/revisions"}],"predecessor-version":[{"id":19381,"href":"https:\/\/www.egemtv.com\/index.php?rest_route=\/wp\/v2\/posts\/19379\/revisions\/19381"}],"wp:featuredmedia":[{"embeddable":true,"href":"https:\/\/www.egemtv.com\/index.php?rest_route=\/wp\/v2\/media\/19380"}],"wp:attachment":[{"href":"https:\/\/www.egemtv.com\/index.php?rest_route=%2Fwp%2Fv2%2Fmedia&parent=19379"}],"wp:term":[{"taxonomy":"category","embeddable":true,"href":"https:\/\/www.egemtv.com\/index.php?rest_route=%2Fwp%2Fv2%2Fcategories&post=19379"},{"taxonomy":"post_tag","embeddable":true,"href":"https:\/\/www.egemtv.com\/index.php?rest_route=%2Fwp%2Fv2%2Ftags&post=19379"}],"curies":[{"name":"wp","href":"https:\/\/api.w.org\/{rel}","templated":true}]}}