{"id":19376,"date":"2025-02-16T14:47:43","date_gmt":"2025-02-16T11:47:43","guid":{"rendered":"https:\/\/www.egemtv.com\/?p=19376"},"modified":"2025-02-16T14:47:48","modified_gmt":"2025-02-16T11:47:48","slug":"datca-badem-cicegi-festivalinde-anlamli-tanitim","status":"publish","type":"post","link":"https:\/\/www.egemtv.com\/?p=19376","title":{"rendered":"Dat\u00e7a Badem \u00c7i\u00e7e\u011fi Festivali\u2019nde anlaml\u0131 tan\u0131t\u0131m"},"content":{"rendered":"<p>Mu\u011fla\u2019n\u0131n Dat\u00e7a il\u00e7esinde ger\u00e7ekle\u015ftirilen Geleneksel Dat\u00e7a Badem \u00c7i\u00e7e\u011fi Festivali, yo\u011fun bir kat\u0131l\u0131mla devam ederken, acil durumlarda kullan\u0131lan ve 3 metre ipe d\u00f6n\u00fc\u015febilen paracord (para\u015f\u00fct ipi) bileklikler, festivalin alan\u0131n\u0131n ilgi oda\u011f\u0131 oldu.<br \/>\n<br \/>Dat\u00e7a\u2019da geleneksel hale gelen ve 13-16 \u015eubat tarihleri aras\u0131nda ger\u00e7ekle\u015ftirilen Badem \u00c7i\u00e7e\u011fi Festivali, son g\u00fcn\u00fcnde de yo\u011fun bir kat\u0131l\u0131mla ger\u00e7ekle\u015ftirildi. Festival kapsam\u0131nda il\u00e7e genelinde birbirinden farkl\u0131 etkinliklerin d\u00fczenlendi\u011fi ve 4 g\u00fcn s\u00fcren festivalin son g\u00fcn\u00fcnde ise MAG AME Afet G\u00f6n\u00fcll\u00fcleri Acil M\u00fcdahale Ekibi Dat\u00e7a \u0130l\u00e7e Temsilcili\u011fi taraf\u0131ndan a\u00e7\u0131lan stant dikkat \u00e7ekti. Operasyon ekibi taraf\u0131ndan acil durumlarda kullan\u0131labilmesi hedefiyle para\u015f\u00fct ipi olarak da bilinen paracord ipi ile \u00f6r\u00fclen bileklikler festival alan\u0131n\u0131n ilgi oda\u011f\u0131 oldu. Ekip, bileklik ve anahtarl\u0131klar\u0131n \u00f6zelliklerini stand\u0131 ziyaret edenlere anlat\u0131rken, acil durumlar hakk\u0131nda da fark\u0131ndal\u0131k olu\u015fturdu.<br \/>\n<br \/>Konu ile ilgili a\u00e7\u0131klamalarda bulunan MAG AME Dat\u00e7a Genel Sekreteri Arzu \u015eanal; &#8220;Bizler MAG AME Afet G\u00f6n\u00fcll\u00fcleri Acil M\u00fcdahale Ekibindeyiz. Operasyon ekibimizin deprem, yang\u0131n gibi do\u011fal afetlerde kulland\u0131\u011f\u0131 ekipmanlar\u0131m\u0131z\u0131 yenilemek ve g\u00fcncellemek ad\u0131na operasyon ekibimizin \u00f6rm\u00fc\u015f oldu\u011fu paracord iplerinden anahtarl\u0131klar, bilekliklerle destek ama\u00e7l\u0131 buraday\u0131z. Bunlar acil durumda s\u00f6k\u00fclerek 2 ve 3 metre ipler oluyor. Paracord iplerini kullanabilece\u011fimiz bir \u00e7ok alan var. Bu iplerin bir di\u011fer ad\u0131 da para\u015f\u00fct ipleri diye ge\u00e7er. 18 ya\u015f \u00fczeri olan ki\u015filere verdi\u011fimiz ve haz\u0131rlad\u0131\u011f\u0131m\u0131z bilekliklerimiz de ayr\u0131ca pusula, d\u00fcd\u00fck, magnezyum ucu, b\u0131\u00e7ak da bulunuyor. Acil durumda a\u00e7\u0131l\u0131p 3 metre ipe d\u00f6n\u00fc\u015f\u00fcyor. Yani acil durumlarda kullanabiliyoruz bunlar\u0131&#8221; dedi.<br \/><\/p>\n","protected":false},"excerpt":{"rendered":"<p>Mu\u011fla\u2019n\u0131n Dat\u00e7a il\u00e7esinde ger\u00e7ekle\u015ftirilen Geleneksel Dat\u00e7a Badem \u00c7i\u00e7e\u011fi Festivali, yo\u011fun bir kat\u0131l\u0131mla devam ederken, acil durumlarda kullan\u0131lan ve 3 metre ipe d\u00f6n\u00fc\u015febilen paracord (para\u015f\u00fct ipi) bileklikler, festivalin alan\u0131n\u0131n ilgi oda\u011f\u0131 oldu. Dat\u00e7a\u2019da geleneksel hale gelen ve 13-16 \u015eubat tarihleri aras\u0131nda ger\u00e7ekle\u015ftirilen Badem \u00c7i\u00e7e\u011fi Festivali, son g\u00fcn\u00fcnde de yo\u011fun bir kat\u0131l\u0131mla ger\u00e7ekle\u015ftirildi. Festival kapsam\u0131nda il\u00e7e genelinde&#8230;<\/p>\n","protected":false},"author":1,"featured_media":19377,"comment_status":"open","ping_status":"open","sticky":false,"template":"","format":"standard","meta":{"_crdt_document":"","footnotes":""},"categories":[1],"tags":[],"class_list":["post-19376","post","type-post","status-publish","format-standard","has-post-thumbnail","hentry","category-guncel"],"_links":{"self":[{"href":"https:\/\/www.egemtv.com\/index.php?rest_route=\/wp\/v2\/posts\/19376","targetHints":{"allow":["GET"]}}],"collection":[{"href":"https:\/\/www.egemtv.com\/index.php?rest_route=\/wp\/v2\/posts"}],"about":[{"href":"https:\/\/www.egemtv.com\/index.php?rest_route=\/wp\/v2\/types\/post"}],"author":[{"embeddable":true,"href":"https:\/\/www.egemtv.com\/index.php?rest_route=\/wp\/v2\/users\/1"}],"replies":[{"embeddable":true,"href":"https:\/\/www.egemtv.com\/index.php?rest_route=%2Fwp%2Fv2%2Fcomments&post=19376"}],"version-history":[{"count":1,"href":"https:\/\/www.egemtv.com\/index.php?rest_route=\/wp\/v2\/posts\/19376\/revisions"}],"predecessor-version":[{"id":19378,"href":"https:\/\/www.egemtv.com\/index.php?rest_route=\/wp\/v2\/posts\/19376\/revisions\/19378"}],"wp:featuredmedia":[{"embeddable":true,"href":"https:\/\/www.egemtv.com\/index.php?rest_route=\/wp\/v2\/media\/19377"}],"wp:attachment":[{"href":"https:\/\/www.egemtv.com\/index.php?rest_route=%2Fwp%2Fv2%2Fmedia&parent=19376"}],"wp:term":[{"taxonomy":"category","embeddable":true,"href":"https:\/\/www.egemtv.com\/index.php?rest_route=%2Fwp%2Fv2%2Fcategories&post=19376"},{"taxonomy":"post_tag","embeddable":true,"href":"https:\/\/www.egemtv.com\/index.php?rest_route=%2Fwp%2Fv2%2Ftags&post=19376"}],"curies":[{"name":"wp","href":"https:\/\/api.w.org\/{rel}","templated":true}]}}