{"id":19373,"date":"2025-02-16T14:02:59","date_gmt":"2025-02-16T11:02:59","guid":{"rendered":"https:\/\/www.egemtv.com\/?p=19373"},"modified":"2025-02-16T14:03:05","modified_gmt":"2025-02-16T11:03:05","slug":"yayla-golundeki-mobil-tuvaletlerin-bakimsiz-hali-tepki-topladi","status":"publish","type":"post","link":"https:\/\/www.egemtv.com\/?p=19373","title":{"rendered":"Yayla g\u00f6l\u00fcndeki mobil tuvaletlerin bak\u0131ms\u0131z hali tepki toplad\u0131"},"content":{"rendered":"<p>Denizli\u2019de yer alan ku\u015f cenneti Yayla G\u00f6l\u2019\u00fcnde vatanda\u015flar\u0131n ihtiya\u00e7lar\u0131n\u0131 kar\u015f\u0131lamak amac\u0131yla konulan mobil tuvaletlere kimli\u011fi belirsiz ki\u015filer taraf\u0131ndan zarar verildi.<br \/>\n<br \/>Denizli\u2019nin Buldan il\u00e7esinde yer alan ve her mevsim ziyaret\u00e7ilerini a\u011f\u0131rlayan ku\u015f cenneti S\u00fcleymanl\u0131 Yayla G\u00f6l\u00fc\u2019ne Buldan Belediyesi ekipleri taraf\u0131ndan vatanda\u015flar\u0131n<br \/>\n<br \/>\u0130htiya\u00e7lar\u0131n\u0131 kar\u015f\u0131lamas\u0131 amac\u0131yla bir s\u00fcre \u00f6nce mobil tuvaletler konulmu\u015ftu. Kimli\u011fi belirsiz ki\u015fi veya ki\u015filerce mobil tuvaletler tahrip edildi. klozetler, lavabolar ve kap\u0131lar\u0131 k\u0131r\u0131lan mobil tuvaletin son haline ise vatanda\u015flar tepki g\u00f6sterdi. Vatanda\u015flar\u0131n kullan\u0131m\u0131 i\u00e7in konulan mobil tuvaletlere zarar veren ki\u015filerin bulunmas\u0131 amac\u0131yla \u00e7al\u0131\u015fma ba\u015flat\u0131ld\u0131\u011f\u0131 \u00f6\u011frenildi.<br \/><\/p>\n","protected":false},"excerpt":{"rendered":"<p>Denizli\u2019de yer alan ku\u015f cenneti Yayla G\u00f6l\u2019\u00fcnde vatanda\u015flar\u0131n ihtiya\u00e7lar\u0131n\u0131 kar\u015f\u0131lamak amac\u0131yla konulan mobil tuvaletlere kimli\u011fi belirsiz ki\u015filer taraf\u0131ndan zarar verildi. Denizli\u2019nin Buldan il\u00e7esinde yer alan ve her mevsim ziyaret\u00e7ilerini a\u011f\u0131rlayan ku\u015f cenneti S\u00fcleymanl\u0131 Yayla G\u00f6l\u00fc\u2019ne Buldan Belediyesi ekipleri taraf\u0131ndan vatanda\u015flar\u0131n \u0130htiya\u00e7lar\u0131n\u0131 kar\u015f\u0131lamas\u0131 amac\u0131yla bir s\u00fcre \u00f6nce mobil tuvaletler konulmu\u015ftu. Kimli\u011fi belirsiz ki\u015fi veya ki\u015filerce mobil&#8230;<\/p>\n","protected":false},"author":1,"featured_media":19374,"comment_status":"open","ping_status":"open","sticky":false,"template":"","format":"standard","meta":{"_crdt_document":"","footnotes":""},"categories":[5],"tags":[],"class_list":["post-19373","post","type-post","status-publish","format-standard","has-post-thumbnail","hentry","category-asayis"],"_links":{"self":[{"href":"https:\/\/www.egemtv.com\/index.php?rest_route=\/wp\/v2\/posts\/19373","targetHints":{"allow":["GET"]}}],"collection":[{"href":"https:\/\/www.egemtv.com\/index.php?rest_route=\/wp\/v2\/posts"}],"about":[{"href":"https:\/\/www.egemtv.com\/index.php?rest_route=\/wp\/v2\/types\/post"}],"author":[{"embeddable":true,"href":"https:\/\/www.egemtv.com\/index.php?rest_route=\/wp\/v2\/users\/1"}],"replies":[{"embeddable":true,"href":"https:\/\/www.egemtv.com\/index.php?rest_route=%2Fwp%2Fv2%2Fcomments&post=19373"}],"version-history":[{"count":1,"href":"https:\/\/www.egemtv.com\/index.php?rest_route=\/wp\/v2\/posts\/19373\/revisions"}],"predecessor-version":[{"id":19375,"href":"https:\/\/www.egemtv.com\/index.php?rest_route=\/wp\/v2\/posts\/19373\/revisions\/19375"}],"wp:featuredmedia":[{"embeddable":true,"href":"https:\/\/www.egemtv.com\/index.php?rest_route=\/wp\/v2\/media\/19374"}],"wp:attachment":[{"href":"https:\/\/www.egemtv.com\/index.php?rest_route=%2Fwp%2Fv2%2Fmedia&parent=19373"}],"wp:term":[{"taxonomy":"category","embeddable":true,"href":"https:\/\/www.egemtv.com\/index.php?rest_route=%2Fwp%2Fv2%2Fcategories&post=19373"},{"taxonomy":"post_tag","embeddable":true,"href":"https:\/\/www.egemtv.com\/index.php?rest_route=%2Fwp%2Fv2%2Ftags&post=19373"}],"curies":[{"name":"wp","href":"https:\/\/api.w.org\/{rel}","templated":true}]}}