{"id":19370,"date":"2025-02-16T13:37:13","date_gmt":"2025-02-16T10:37:13","guid":{"rendered":"https:\/\/www.egemtv.com\/?p=19370"},"modified":"2025-02-16T13:37:17","modified_gmt":"2025-02-16T10:37:17","slug":"burdurda-daglik-alanda-mahsur-kalan-kecileri-afad-ekipleri-kurtardi","status":"publish","type":"post","link":"https:\/\/www.egemtv.com\/?p=19370","title":{"rendered":"Burdur\u2019da da\u011fl\u0131k alanda mahsur kalan ke\u00e7ileri AFAD ekipleri kurtard\u0131"},"content":{"rendered":"<p>Burdur\u2019un Bucak il\u00e7esine ba\u011fl\u0131 Atilla Mahallesi\u2019nde da\u011fl\u0131k alanda mahsur kalan ke\u00e7iler, AFAD ekiplerinin ba\u015far\u0131l\u0131 operasyonuyla kurtar\u0131ld\u0131.<br \/>\n<br \/>Edinilen bilgilere g\u00f6re, Atilla Mahallesi\u2019nde ke\u00e7ilerini kaybeden hayvan sahibi, hayvanlar\u0131n\u0131n da\u011fl\u0131k alanda mahsur kald\u0131\u011f\u0131n\u0131 fark ederek durumu 112 Acil \u00c7a\u011fr\u0131 Merkezi\u2019ne bildirdi. \u0130hbar \u00fczerine olay yerine Burdur AFAD ekipleri sevk edildi.<br \/>\n<br \/>Zorlu arazi \u015fartlar\u0131na ra\u011fmen y\u00fcr\u00fct\u00fclen kurtarma operasyonunda ekipler, mahsur kalan ke\u00e7ilere ula\u015ft\u0131. G\u00fcvenli bir \u015fekilde bulunduklar\u0131 yerden \u00e7\u0131kar\u0131lan ke\u00e7iler, g\u00fcvenli alana ta\u015f\u0131narak sahibine teslim edildi.<\/p>\n","protected":false},"excerpt":{"rendered":"<p>Burdur\u2019un Bucak il\u00e7esine ba\u011fl\u0131 Atilla Mahallesi\u2019nde da\u011fl\u0131k alanda mahsur kalan ke\u00e7iler, AFAD ekiplerinin ba\u015far\u0131l\u0131 operasyonuyla kurtar\u0131ld\u0131. Edinilen bilgilere g\u00f6re, Atilla Mahallesi\u2019nde ke\u00e7ilerini kaybeden hayvan sahibi, hayvanlar\u0131n\u0131n da\u011fl\u0131k alanda mahsur kald\u0131\u011f\u0131n\u0131 fark ederek durumu 112 Acil \u00c7a\u011fr\u0131 Merkezi\u2019ne bildirdi. \u0130hbar \u00fczerine olay yerine Burdur AFAD ekipleri sevk edildi. Zorlu arazi \u015fartlar\u0131na ra\u011fmen y\u00fcr\u00fct\u00fclen kurtarma operasyonunda ekipler,&#8230;<\/p>\n","protected":false},"author":1,"featured_media":19371,"comment_status":"open","ping_status":"open","sticky":false,"template":"","format":"standard","meta":{"_crdt_document":"","footnotes":""},"categories":[5],"tags":[],"class_list":["post-19370","post","type-post","status-publish","format-standard","has-post-thumbnail","hentry","category-asayis"],"_links":{"self":[{"href":"https:\/\/www.egemtv.com\/index.php?rest_route=\/wp\/v2\/posts\/19370","targetHints":{"allow":["GET"]}}],"collection":[{"href":"https:\/\/www.egemtv.com\/index.php?rest_route=\/wp\/v2\/posts"}],"about":[{"href":"https:\/\/www.egemtv.com\/index.php?rest_route=\/wp\/v2\/types\/post"}],"author":[{"embeddable":true,"href":"https:\/\/www.egemtv.com\/index.php?rest_route=\/wp\/v2\/users\/1"}],"replies":[{"embeddable":true,"href":"https:\/\/www.egemtv.com\/index.php?rest_route=%2Fwp%2Fv2%2Fcomments&post=19370"}],"version-history":[{"count":1,"href":"https:\/\/www.egemtv.com\/index.php?rest_route=\/wp\/v2\/posts\/19370\/revisions"}],"predecessor-version":[{"id":19372,"href":"https:\/\/www.egemtv.com\/index.php?rest_route=\/wp\/v2\/posts\/19370\/revisions\/19372"}],"wp:featuredmedia":[{"embeddable":true,"href":"https:\/\/www.egemtv.com\/index.php?rest_route=\/wp\/v2\/media\/19371"}],"wp:attachment":[{"href":"https:\/\/www.egemtv.com\/index.php?rest_route=%2Fwp%2Fv2%2Fmedia&parent=19370"}],"wp:term":[{"taxonomy":"category","embeddable":true,"href":"https:\/\/www.egemtv.com\/index.php?rest_route=%2Fwp%2Fv2%2Fcategories&post=19370"},{"taxonomy":"post_tag","embeddable":true,"href":"https:\/\/www.egemtv.com\/index.php?rest_route=%2Fwp%2Fv2%2Ftags&post=19370"}],"curies":[{"name":"wp","href":"https:\/\/api.w.org\/{rel}","templated":true}]}}