{"id":19367,"date":"2025-02-16T13:37:10","date_gmt":"2025-02-16T10:37:10","guid":{"rendered":"https:\/\/www.egemtv.com\/?p=19367"},"modified":"2025-02-16T13:37:12","modified_gmt":"2025-02-16T10:37:12","slug":"kadinin-iple-ayaklarini-bagladigi-kopegi-cope-attigi-anlar-guvenlik-kamerasina-yansidi","status":"publish","type":"post","link":"https:\/\/www.egemtv.com\/?p=19367","title":{"rendered":"Kad\u0131n\u0131n iple ayaklar\u0131n\u0131 ba\u011flad\u0131\u011f\u0131 k\u00f6pe\u011fi \u00e7\u00f6pe att\u0131\u011f\u0131 anlar g\u00fcvenlik kameras\u0131na yans\u0131d\u0131"},"content":{"rendered":"<p>Denizli\u2019de \u00e7\u00f6p atmaya giden bir vatanda\u015f \u00e7\u00f6p konteyneri i\u00e7erisinde ayaklar\u0131 iple ba\u011flanm\u0131\u015f k\u00f6pek buldu. \u00c7\u00f6p konteynerini g\u00f6ren g\u00fcvenlik kameras\u0131na bakan vatanda\u015flar, bir kad\u0131n\u0131n k\u00f6pe\u011fi \u00e7\u00f6p kovas\u0131yla birlikte konteynere att\u0131\u011f\u0131n\u0131 g\u00f6rd\u00fc. K\u00f6pe\u011fi konteynerde bulan \u00e7ift polis merkezine giderek \u015fikayet\u00e7i oldu.<br \/>\n<br \/>Denizli\u2019nin \u00c7ivril il\u00e7esi Stadyum Mahallesi\u2019nde meydana gelen olayda \u00c7etin Orhan, \u00e7\u00f6p atmak i\u00e7in sokak \u00fczerindeki \u00e7\u00f6p konteynerine gitti\u011fi s\u0131rada kar\u015f\u0131la\u015ft\u0131\u011f\u0131 manzara kar\u015f\u0131s\u0131nda \u015foke oldu. \u00c7etin Orhan, \u00e7\u00f6p konteyneri i\u00e7erisinde ayaklar\u0131 ba\u011flanm\u0131\u015f halde bir k\u00f6pek buldu. K\u00f6pe\u011fi konteynerden \u00e7\u0131kartarak \u00f6nce evine g\u00f6t\u00fcren ard\u0131ndan veterineri arayarak sa\u011fl\u0131k kontrol\u00fc yapt\u0131ran Orhan, daha sonra k\u00f6pe\u011fi konteynere atan ki\u015fi veya ki\u015fileri bulmak istedi.<\/p>\n<p>K\u00f6pe\u011fin konteynere at\u0131lma an\u0131 g\u00fcvenlik kameras\u0131na yans\u0131d\u0131<br \/>\n<br \/>K\u00f6pe\u011fi bulan vatanda\u015f g\u00fcvenlik kameralar\u0131n\u0131 inceledi\u011fi s\u0131rada kimli\u011fi belirsiz bir kad\u0131n\u0131n k\u00f6pe\u011fi konteynerin i\u00e7ine att\u0131\u011f\u0131 g\u00f6r\u00fcld\u00fc. G\u00fcvenlik kameralar\u0131na yans\u0131yan o g\u00f6r\u00fcnt\u00fclerde kad\u0131n\u0131n omzunda ta\u015f\u0131d\u0131\u011f\u0131 \u00e7\u00f6p kovas\u0131yla k\u00f6pe\u011fi getirdi\u011fi, ard\u0131ndan \u00e7\u00f6p konteynerinin i\u00e7ine att\u0131\u011f\u0131 g\u00f6r\u00fcl\u00fcyor. Daha sonra kimli\u011fi belirsiz kad\u0131n\u0131n arkas\u0131n\u0131 d\u00f6nerek gitmesi vicdanlar\u0131 s\u0131zlatt\u0131. Ayaklar\u0131 ba\u011flanan k\u00f6pe\u011fin bir s\u00fcre \u00e7\u00f6p konteynerinden \u00e7\u0131kmaya \u00e7al\u0131\u015fmas\u0131 da dikkatlerden ka\u00e7mad\u0131.<\/p>\n<p>&#8220;Bu g\u00f6z g\u00f6re g\u00f6re cinayet&#8221;<br \/>\n<br \/>K\u00f6pe\u011fi \u00e7\u00f6p konteynerinde bulan \u00c7etin Orhan ve e\u015fi Ceren Tatl\u0131 Orhan, k\u00f6pe\u011fin ilk bak\u0131mlar\u0131n\u0131 yapmalar\u0131n\u0131n ard\u0131ndan polis merkezine giderek \u015fikayet\u00e7i oldu. K\u00f6pe\u011fin sa\u011fl\u0131k durumunun iyi oldu\u011funu ancak psikolojisinin \u00e7ok k\u00f6t\u00fc oldu\u011funu ifade eden Ceren Tatl\u0131 Orhan, &#8220;\u0130lk buldu\u011fumuzda korkudan titriyordu. \u00dcst\u00fc kir ve dikenlerle doluydu. Tek tek temizledik, t\u00fcylerini kesip y\u0131kad\u0131k. Sonra veterinere g\u00f6t\u00fcrerek tedavisine ba\u015flad\u0131k. Halen \u00e7ok korkuyor bunu yapan kimse bulunup hak etti\u011fi cezay\u0131 almas\u0131n\u0131 istiyoruz. Gerekli yerlere m\u00fcracaat\u0131m\u0131z\u0131 yapt\u0131k. G\u00f6r\u00fcnt\u00fclerden kim oldu\u011funu anlamak biraz zor ama belki tan\u0131yan olur. Kandil g\u00fcn\u00fc ayaklar\u0131n\u0131 ba\u011flayarak bir can\u0131 \u00e7\u00f6p konteynerine atmak insanl\u0131k d\u0131\u015f\u0131 bir olay. Sahiplendirmek istese sahiplenen olurdu. Bu g\u00f6z g\u00f6re g\u00f6re cinayet&#8221; dedi.<br \/><\/p>\n","protected":false},"excerpt":{"rendered":"<p>Denizli\u2019de \u00e7\u00f6p atmaya giden bir vatanda\u015f \u00e7\u00f6p konteyneri i\u00e7erisinde ayaklar\u0131 iple ba\u011flanm\u0131\u015f k\u00f6pek buldu. \u00c7\u00f6p konteynerini g\u00f6ren g\u00fcvenlik kameras\u0131na bakan vatanda\u015flar, bir kad\u0131n\u0131n k\u00f6pe\u011fi \u00e7\u00f6p kovas\u0131yla birlikte konteynere att\u0131\u011f\u0131n\u0131 g\u00f6rd\u00fc. K\u00f6pe\u011fi konteynerde bulan \u00e7ift polis merkezine giderek \u015fikayet\u00e7i oldu. Denizli\u2019nin \u00c7ivril il\u00e7esi Stadyum Mahallesi\u2019nde meydana gelen olayda \u00c7etin Orhan, \u00e7\u00f6p atmak i\u00e7in sokak \u00fczerindeki \u00e7\u00f6p&#8230;<\/p>\n","protected":false},"author":1,"featured_media":19368,"comment_status":"open","ping_status":"open","sticky":false,"template":"","format":"standard","meta":{"_crdt_document":"","footnotes":""},"categories":[5],"tags":[],"class_list":["post-19367","post","type-post","status-publish","format-standard","has-post-thumbnail","hentry","category-asayis"],"_links":{"self":[{"href":"https:\/\/www.egemtv.com\/index.php?rest_route=\/wp\/v2\/posts\/19367","targetHints":{"allow":["GET"]}}],"collection":[{"href":"https:\/\/www.egemtv.com\/index.php?rest_route=\/wp\/v2\/posts"}],"about":[{"href":"https:\/\/www.egemtv.com\/index.php?rest_route=\/wp\/v2\/types\/post"}],"author":[{"embeddable":true,"href":"https:\/\/www.egemtv.com\/index.php?rest_route=\/wp\/v2\/users\/1"}],"replies":[{"embeddable":true,"href":"https:\/\/www.egemtv.com\/index.php?rest_route=%2Fwp%2Fv2%2Fcomments&post=19367"}],"version-history":[{"count":1,"href":"https:\/\/www.egemtv.com\/index.php?rest_route=\/wp\/v2\/posts\/19367\/revisions"}],"predecessor-version":[{"id":19369,"href":"https:\/\/www.egemtv.com\/index.php?rest_route=\/wp\/v2\/posts\/19367\/revisions\/19369"}],"wp:featuredmedia":[{"embeddable":true,"href":"https:\/\/www.egemtv.com\/index.php?rest_route=\/wp\/v2\/media\/19368"}],"wp:attachment":[{"href":"https:\/\/www.egemtv.com\/index.php?rest_route=%2Fwp%2Fv2%2Fmedia&parent=19367"}],"wp:term":[{"taxonomy":"category","embeddable":true,"href":"https:\/\/www.egemtv.com\/index.php?rest_route=%2Fwp%2Fv2%2Fcategories&post=19367"},{"taxonomy":"post_tag","embeddable":true,"href":"https:\/\/www.egemtv.com\/index.php?rest_route=%2Fwp%2Fv2%2Ftags&post=19367"}],"curies":[{"name":"wp","href":"https:\/\/api.w.org\/{rel}","templated":true}]}}