{"id":19364,"date":"2025-02-16T13:37:08","date_gmt":"2025-02-16T10:37:08","guid":{"rendered":"https:\/\/www.egemtv.com\/?p=19364"},"modified":"2025-02-16T13:37:09","modified_gmt":"2025-02-16T10:37:09","slug":"poyracikta-5-geleneksel-folklorik-deve-gosterisi-festivali-heyecani","status":"publish","type":"post","link":"https:\/\/www.egemtv.com\/?p=19364","title":{"rendered":"Poyrac\u0131k\u2019ta 5. Geleneksel Folklorik Deve G\u00f6sterisi Festivali heyecan\u0131"},"content":{"rendered":"<p>K\u0131n\u0131k Belediye Ba\u015fkan\u0131 Sema Bodur, Poyrac\u0131k Mahallesi\u2019nde d\u00fczenlenen ke\u015fkek hayr\u0131yla 5. Geleneksel Folklorik Deve G\u00f6sterisi Festivali\u2019ni ba\u015flatt\u0131klar\u0131n\u0131 duyurdu. 16 \u015eubat\u2019ta ger\u00e7ekle\u015fecek b\u00fcy\u00fck etkinlik i\u00e7in t\u00fcm halk davet edildi.<br \/>\n<br \/>K\u0131n\u0131k, k\u00fclt\u00fcrel miras\u0131n\u0131 ya\u015fatmaya devam ediyor. 5. Geleneksel Poyrac\u0131k Folklorik Deve G\u00f6sterisi Festivali kapsam\u0131nda, K\u0131n\u0131k Belediye Ba\u015fkan\u0131 Sema Bodur\u2019un kat\u0131l\u0131m\u0131yla Poyrac\u0131k Mahallesi\u2019nde ke\u015fkek hayr\u0131 d\u00fczenlendi. B\u00f6lge halk\u0131n\u0131n yo\u011fun ilgisiyle ger\u00e7ekle\u015fen etkinlikte, birlik ve dayan\u0131\u015fma vurgusu yap\u0131ld\u0131.<br \/>\n<br \/>Ba\u015fkan Sema Bodur, sosyal medya hesab\u0131ndan yapt\u0131\u011f\u0131 payla\u015f\u0131mda, &#8220;Bug\u00fcn Poyrac\u0131k Mahallemizde ke\u015fkek hayr\u0131m\u0131z\u0131 ger\u00e7ekle\u015ftirdik. Birlik ve dayan\u0131\u015fmam\u0131z\u0131 peki\u015ftiren bu g\u00fczel etkinli\u011fe kat\u0131lan herkese te\u015fekk\u00fcr ediyorum.&#8221; ifadelerini kullanarak festivalin \u00f6nemine dikkat \u00e7ekti.<\/p>\n<p>Festival co\u015fkusu 16 \u015eubat\u2019ta ba\u015fl\u0131yor<br \/>\n<br \/>Ke\u015fkek hayr\u0131n\u0131n ard\u0131ndan g\u00f6zler festivalin ana etkinliklerine \u00e7evrildi. Kortej y\u00fcr\u00fcy\u00fc\u015f\u00fc ile ba\u015flayacak olan festivalde, folklorik deve g\u00f6sterileri b\u00fcy\u00fck ilgi g\u00f6recek. 16 \u015eubat Pazar g\u00fcn\u00fc saat 11.00\u2019da Gen\u00e7lik Merkezi \u00f6n\u00fcnden hareket edecek kortej, renkli g\u00f6r\u00fcnt\u00fclere sahne olacak. Ard\u0131ndan Poyrac\u0131k Arena\u2019da d\u00fczenlenecek g\u00f6sterilerle festival co\u015fkusu doru\u011fa ula\u015facak.<br \/>\n<br \/>K\u0131n\u0131k Belediyesi, t\u00fcm halk\u0131 bu e\u015fsiz k\u00fclt\u00fcrel etkinli\u011fe davet ederken, festivalin b\u00f6lgenin sosyal ve k\u00fclt\u00fcrel hayat\u0131na \u00f6nemli katk\u0131lar sunaca\u011f\u0131n\u0131 belirtti. Geleneksel hale gelen Poyrac\u0131k Folklorik Deve G\u00f6sterisi Festivali, ge\u00e7mi\u015fin izlerini g\u00fcn\u00fcm\u00fcze ta\u015f\u0131yarak k\u00fclt\u00fcrel de\u011ferlerin ya\u015fat\u0131lmas\u0131na katk\u0131 sa\u011fl\u0131yor.<br \/>\n<br \/>T\u00fcm K\u0131n\u0131k halk\u0131n\u0131n yo\u011fun ilgi g\u00f6stermesi beklenen festivalde, hem geleneksel rit\u00fceller hem de renkli etkinlikler kat\u0131l\u0131mc\u0131lar\u0131 bekliyor. K\u0131n\u0131k Belediyesi, festivalin co\u015fkusunu birlikte ya\u015famak isteyen herkesi 16 \u015eubat\u2019ta Poyrac\u0131k\u2019a davet ediyor.<br \/><\/p>\n","protected":false},"excerpt":{"rendered":"<p>K\u0131n\u0131k Belediye Ba\u015fkan\u0131 Sema Bodur, Poyrac\u0131k Mahallesi\u2019nde d\u00fczenlenen ke\u015fkek hayr\u0131yla 5. Geleneksel Folklorik Deve G\u00f6sterisi Festivali\u2019ni ba\u015flatt\u0131klar\u0131n\u0131 duyurdu. 16 \u015eubat\u2019ta ger\u00e7ekle\u015fecek b\u00fcy\u00fck etkinlik i\u00e7in t\u00fcm halk davet edildi. K\u0131n\u0131k, k\u00fclt\u00fcrel miras\u0131n\u0131 ya\u015fatmaya devam ediyor. 5. Geleneksel Poyrac\u0131k Folklorik Deve G\u00f6sterisi Festivali kapsam\u0131nda, K\u0131n\u0131k Belediye Ba\u015fkan\u0131 Sema Bodur\u2019un kat\u0131l\u0131m\u0131yla Poyrac\u0131k Mahallesi\u2019nde ke\u015fkek hayr\u0131 d\u00fczenlendi. B\u00f6lge halk\u0131n\u0131n&#8230;<\/p>\n","protected":false},"author":1,"featured_media":19365,"comment_status":"open","ping_status":"open","sticky":false,"template":"","format":"standard","meta":{"_crdt_document":"","footnotes":""},"categories":[1],"tags":[],"class_list":["post-19364","post","type-post","status-publish","format-standard","has-post-thumbnail","hentry","category-guncel"],"_links":{"self":[{"href":"https:\/\/www.egemtv.com\/index.php?rest_route=\/wp\/v2\/posts\/19364","targetHints":{"allow":["GET"]}}],"collection":[{"href":"https:\/\/www.egemtv.com\/index.php?rest_route=\/wp\/v2\/posts"}],"about":[{"href":"https:\/\/www.egemtv.com\/index.php?rest_route=\/wp\/v2\/types\/post"}],"author":[{"embeddable":true,"href":"https:\/\/www.egemtv.com\/index.php?rest_route=\/wp\/v2\/users\/1"}],"replies":[{"embeddable":true,"href":"https:\/\/www.egemtv.com\/index.php?rest_route=%2Fwp%2Fv2%2Fcomments&post=19364"}],"version-history":[{"count":1,"href":"https:\/\/www.egemtv.com\/index.php?rest_route=\/wp\/v2\/posts\/19364\/revisions"}],"predecessor-version":[{"id":19366,"href":"https:\/\/www.egemtv.com\/index.php?rest_route=\/wp\/v2\/posts\/19364\/revisions\/19366"}],"wp:featuredmedia":[{"embeddable":true,"href":"https:\/\/www.egemtv.com\/index.php?rest_route=\/wp\/v2\/media\/19365"}],"wp:attachment":[{"href":"https:\/\/www.egemtv.com\/index.php?rest_route=%2Fwp%2Fv2%2Fmedia&parent=19364"}],"wp:term":[{"taxonomy":"category","embeddable":true,"href":"https:\/\/www.egemtv.com\/index.php?rest_route=%2Fwp%2Fv2%2Fcategories&post=19364"},{"taxonomy":"post_tag","embeddable":true,"href":"https:\/\/www.egemtv.com\/index.php?rest_route=%2Fwp%2Fv2%2Ftags&post=19364"}],"curies":[{"name":"wp","href":"https:\/\/api.w.org\/{rel}","templated":true}]}}