{"id":19361,"date":"2025-02-16T13:31:59","date_gmt":"2025-02-16T10:31:59","guid":{"rendered":"https:\/\/www.egemtv.com\/?p=19361"},"modified":"2025-02-16T13:32:04","modified_gmt":"2025-02-16T10:32:04","slug":"efelerde-belediye-ekiplerince-temizlik-aksamiyor","status":"publish","type":"post","link":"https:\/\/www.egemtv.com\/?p=19361","title":{"rendered":"Efeler\u2019de belediye ekiplerince temizlik aksam\u0131yor"},"content":{"rendered":"<p>Efeler Belediyesi\u2019ne ait EFEBEL \u015firketinin \u00e7al\u0131\u015fanlar\u0131 maa\u015flar\u0131n\u0131n eksik \u00f6dendi\u011fi gerek\u00e7esiyle i\u015f b\u0131rakma eylemi s\u00fcrerken, vatanda\u015flar\u0131n ma\u011fdur olmamas\u0131 ad\u0131na teyakkuza ge\u00e7en belediye ekipleri, il\u00e7e genelinde temizlik ve \u00e7\u00f6p toplama i\u015flemlerini ger\u00e7ekle\u015ftirdi.<\/p>\n<p>Temizlik i\u015f\u00e7ilerinin maa\u015flar\u0131n\u0131n eksik yatt\u0131\u011f\u0131 gerek\u00e7esiyle ger\u00e7ekle\u015ftirdi\u011fi grevin ard\u0131ndan vatanda\u015flar\u0131n ma\u011fdur olmamas\u0131 ad\u0131na sahaya inen Efeler Belediyesi personelleri, sabah\u0131n ilk \u0131\u015f\u0131klar\u0131ndan itibaren il\u00e7e genelinde \u00e7al\u0131\u015fmalar\u0131na aksamadan devam etti. Temizlik \u0130\u015fleri M\u00fcd\u00fcrl\u00fc\u011f\u00fc\u2019ne ba\u011fl\u0131 18 \u00e7\u00f6p kamyonu ile il\u00e7e genelinde \u00e7al\u0131\u015fmalar\u0131n\u0131 s\u00fcrd\u00fcren ekipler, \u00e7\u00f6p toplama i\u015flemlerini aral\u0131ks\u0131z ger\u00e7ekle\u015ftirdi. Belediye ekipleri, kent genelinde hijyenin sa\u011flanmas\u0131 i\u00e7in \u00f6zveriyle \u00e7al\u0131\u015f\u0131rken, vatanda\u015flar\u0131n g\u00fcnl\u00fck ya\u015famlar\u0131n\u0131 olumsuz etkileyecek herhangi bir aksakl\u0131\u011f\u0131n ya\u015fanmas\u0131na da izin vermiyor.<\/p>\n<p>Efeler Belediye Ba\u015fkan\u0131 An\u0131l Yeti\u015fkin, temiz ve ya\u015fanabilir bir \u015fehir i\u00e7in t\u00fcm imkanlar\u0131n seferber edildi\u011fini vurgulayarak, &#8220;Vatanda\u015flar\u0131m\u0131z\u0131n ma\u011fdur olmas\u0131na izin vermeyece\u011fiz. Belediye olarak halk\u0131m\u0131za hizmet etmeye devam ediyoruz&#8221; dedi.<br \/><\/p>\n","protected":false},"excerpt":{"rendered":"<p>Efeler Belediyesi\u2019ne ait EFEBEL \u015firketinin \u00e7al\u0131\u015fanlar\u0131 maa\u015flar\u0131n\u0131n eksik \u00f6dendi\u011fi gerek\u00e7esiyle i\u015f b\u0131rakma eylemi s\u00fcrerken, vatanda\u015flar\u0131n ma\u011fdur olmamas\u0131 ad\u0131na teyakkuza ge\u00e7en belediye ekipleri, il\u00e7e genelinde temizlik ve \u00e7\u00f6p toplama i\u015flemlerini ger\u00e7ekle\u015ftirdi. Temizlik i\u015f\u00e7ilerinin maa\u015flar\u0131n\u0131n eksik yatt\u0131\u011f\u0131 gerek\u00e7esiyle ger\u00e7ekle\u015ftirdi\u011fi grevin ard\u0131ndan vatanda\u015flar\u0131n ma\u011fdur olmamas\u0131 ad\u0131na sahaya inen Efeler Belediyesi personelleri, sabah\u0131n ilk \u0131\u015f\u0131klar\u0131ndan itibaren il\u00e7e genelinde \u00e7al\u0131\u015fmalar\u0131na&#8230;<\/p>\n","protected":false},"author":1,"featured_media":19362,"comment_status":"open","ping_status":"open","sticky":false,"template":"","format":"standard","meta":{"_crdt_document":"","footnotes":""},"categories":[1],"tags":[],"class_list":["post-19361","post","type-post","status-publish","format-standard","has-post-thumbnail","hentry","category-guncel"],"_links":{"self":[{"href":"https:\/\/www.egemtv.com\/index.php?rest_route=\/wp\/v2\/posts\/19361","targetHints":{"allow":["GET"]}}],"collection":[{"href":"https:\/\/www.egemtv.com\/index.php?rest_route=\/wp\/v2\/posts"}],"about":[{"href":"https:\/\/www.egemtv.com\/index.php?rest_route=\/wp\/v2\/types\/post"}],"author":[{"embeddable":true,"href":"https:\/\/www.egemtv.com\/index.php?rest_route=\/wp\/v2\/users\/1"}],"replies":[{"embeddable":true,"href":"https:\/\/www.egemtv.com\/index.php?rest_route=%2Fwp%2Fv2%2Fcomments&post=19361"}],"version-history":[{"count":1,"href":"https:\/\/www.egemtv.com\/index.php?rest_route=\/wp\/v2\/posts\/19361\/revisions"}],"predecessor-version":[{"id":19363,"href":"https:\/\/www.egemtv.com\/index.php?rest_route=\/wp\/v2\/posts\/19361\/revisions\/19363"}],"wp:featuredmedia":[{"embeddable":true,"href":"https:\/\/www.egemtv.com\/index.php?rest_route=\/wp\/v2\/media\/19362"}],"wp:attachment":[{"href":"https:\/\/www.egemtv.com\/index.php?rest_route=%2Fwp%2Fv2%2Fmedia&parent=19361"}],"wp:term":[{"taxonomy":"category","embeddable":true,"href":"https:\/\/www.egemtv.com\/index.php?rest_route=%2Fwp%2Fv2%2Fcategories&post=19361"},{"taxonomy":"post_tag","embeddable":true,"href":"https:\/\/www.egemtv.com\/index.php?rest_route=%2Fwp%2Fv2%2Ftags&post=19361"}],"curies":[{"name":"wp","href":"https:\/\/api.w.org\/{rel}","templated":true}]}}