{"id":19358,"date":"2025-02-16T13:31:54","date_gmt":"2025-02-16T10:31:54","guid":{"rendered":"https:\/\/www.egemtv.com\/?p=19358"},"modified":"2025-02-16T13:31:58","modified_gmt":"2025-02-16T10:31:58","slug":"mordoganda-balik-avi-heyecani","status":"publish","type":"post","link":"https:\/\/www.egemtv.com\/?p=19358","title":{"rendered":"Mordo\u011fan\u2019da bal\u0131k av\u0131 heyecan\u0131"},"content":{"rendered":"<p>Karaburun Belediyesi taraf\u0131ndan bu y\u0131l 14. kez d\u00fczenlenen Mordo\u011fan Levrek Av\u0131 Yar\u0131\u015fmas\u0131 keyifli anlara sahne oldu. Amat\u00f6r bal\u0131k av\u0131 merakl\u0131lar\u0131n\u0131 bir araya getiren programa \u0130zmir B\u00fcy\u00fck\u015fehir Belediye Ba\u015fkan\u0131 Dr. Cemil Tugay da olta atarak kat\u0131ld\u0131. Gece boyunca s\u00fcren etkinli\u011fin ard\u0131ndan dereceye girenlere \u00f6d\u00fclleri verildi.<br \/>\n<br \/>Karaburun Belediyesi taraf\u0131ndan bu y\u0131l 14. kez d\u00fczenlenen Mordo\u011fan Levrek Av\u0131 Yar\u0131\u015fmas\u0131 b\u00fcy\u00fck heyecana sahne oldu. Kocakum Plaj\u0131\u2019nda Karaburun Belediye Ba\u015fkan\u0131 \u0130lkay Girgin Erdo\u011fan ve e\u015fi Teoman Erdo\u011fan ev sahipli\u011findeki programa \u0130zmir B\u00fcy\u00fck\u015fehir Belediye Ba\u015fkan\u0131 Dr. Cemil Tugay ile e\u015fi \u00d6znur Tugay da kat\u0131ld\u0131.<\/p>\n<p>&#8220;Levrek bahane dostluk \u015fahane&#8221;<br \/>\n<br \/>Vatanda\u015flar taraf\u0131ndan b\u00fcy\u00fck ilgiyle kar\u015f\u0131lanan Ba\u015fkan Dr. Cemil Tugay, yar\u0131\u015fma alan\u0131nda kurulan stantlar\u0131 gezerek bal\u0131k\u00e7\u0131lar\u0131 selamlad\u0131 ve ba\u015far\u0131l\u0131 bir yar\u0131\u015fma diledi. Yar\u0131\u015fman\u0131n start\u0131n\u0131 veren Ba\u015fkan Tugay, &#8220;\u0130nan\u0131lmaz keyifli ve mutluyum. Karaburun, Mordo\u011fan inan\u0131lmaz g\u00fczel bir yer. Av\u0131n spor ama\u00e7l\u0131, spor ruhuyla yap\u0131lan bir etkinlik oldu\u011funu g\u00f6r\u00fcyorum. Bu ruhu ta\u015f\u0131yan herkesi tebrik ediyorum. \u0130zmir\u2019e her zaman centilmenlik, iyilik ve g\u00fczellik yak\u0131\u015fm\u0131\u015ft\u0131r. Bu etkinlik daha fazla insan taraf\u0131ndan duyulsun diye biz de elimizden gelen katk\u0131y\u0131 vermeye \u00e7al\u0131\u015ft\u0131k. Herkese ba\u015far\u0131lar diliyorum. Levrek bahane dostluk \u015fahane&#8221; diye konu\u015ftu.<\/p>\n<p>Erdo\u011fan: Her ge\u00e7en g\u00fcn heyecan\u0131m\u0131z art\u0131yor<br \/>\n<br \/>Yar\u0131\u015fma ba\u015flang\u0131c\u0131nda bal\u0131k\u00e7\u0131lara seslenen Karaburun Belediye Ba\u015fkan\u0131 \u0130lkay Girgin Erdo\u011fan, &#8220;Her ge\u00e7en g\u00fcn heyecan\u0131m\u0131z art\u0131yor, b\u00fcy\u00fcyoruz. Yar\u0131\u015fmaya yeni \u015feyler kat\u0131yoruz. Kat\u0131lan b\u00fct\u00fcn herkese g\u00f6sterdikleri ilgi i\u00e7in te\u015fekk\u00fcr ediyorum. Bu bir yar\u0131\u015fman\u0131n \u00f6tesi. Yola \u00e7\u0131karken bir yar\u0131\u015fma olarak \u00e7\u0131kt\u0131k ama k\u0131y\u0131 band\u0131na bakt\u0131\u011f\u0131n\u0131zda her sene gelenler ve yeni eklenenlerle dostluklar\u0131n kuruldu\u011fu, eskilerin peki\u015fti\u011fi, insanlar\u0131n bilgi al\u0131\u015fveri\u015finde bulundu\u011fu bir etkinlik oldu&#8221; dedi.<\/p>\n<p>Ba\u015fkan Tugay da olta att\u0131<br \/>\n<br \/>Gece boyunca yar\u0131\u015fmac\u0131lar\u0131 yaln\u0131z b\u0131rakmayan Ba\u015fkan Dr. Cemil Tugay da, Karaburun Belediye Ba\u015fkan\u0131 \u0130lkay Girgin Erdo\u011fan\u2019la olta atarak heyecana ortak oldu. Sabah\u0131n ilk \u0131\u015f\u0131klar\u0131na kadar devam eden yar\u0131\u015fma pazar sabah\u0131 son buldu.<\/p>\n<p>&#8220;Daha fazla katk\u0131 verece\u011fiz&#8221;<br \/>\n<br \/>Bu y\u0131lki yar\u0131\u015fmada yaln\u0131zca at-\u00e7ek tekni\u011fi kullan\u0131ld\u0131. Canl\u0131 yem kullan\u0131lmayan ve bal\u0131klar\u0131n j\u00fcri taraf\u0131ndan \u00f6l\u00e7\u00fcld\u00fckten sonra geri sal\u0131nd\u0131\u011f\u0131 yar\u0131\u015fmada sabah saatlerinde \u00f6d\u00fcller sahiplerini buldu. \u00d6d\u00fcl t\u00f6renine kat\u0131lan Ba\u015fkan Dr. Cemil Tugay, &#8220;Hepimizin moralini bozmak isteyen, de\u011fi\u015fik alanlarda cesaretini k\u0131rmak isteyenlerin oldu\u011fu bir d\u00f6nemde ya\u015f\u0131yoruz. Bu bir araya geli\u015flerimiz hepimiz i\u00e7in mutluluk ama ayn\u0131 zamanda dayan\u0131\u015fma ortam\u0131 oluyor. \u0130zmir\u2019in denizi seven, sporu seven \u00e7a\u011fda\u015f insanlar\u0131n\u0131 her zaman oldu\u011fu gibi sizleri sayg\u0131yla selaml\u0131yorum. Gelecek y\u0131l da burada olaca\u011f\u0131m, elimizden gelen katk\u0131y\u0131 daha da fazla verece\u011fiz. Ba\u015fka organizasyonlar i\u00e7in de buradan ilham alarak \u00e7al\u0131\u015faca\u011f\u0131z&#8221; dedi.<\/p>\n<p>Tugay birinci ve ikinciye \u00f6d\u00fcl\u00fcn\u00fc verdi<br \/>\n<br \/>Levrek kategorisinde levrek tutulmad\u0131\u011f\u0131 i\u00e7in barak\u00fcda tutan 2 ki\u015fi \u00f6d\u00fcl\u00fcn sahibi oldu. Ba\u015fkan Tugay; birinci olan Atakan Duman ve ikinci olan Ya\u011f\u0131z Kesici\u2019ye \u00f6d\u00fcllerini verdi. Kategoride geri kalan 3 \u00f6d\u00fcl, kat\u0131lanlar aras\u0131ndan \u00e7ekili\u015fle belirlendi. Kalamar ve LFR av\u0131 kategorilerinde de \u00f6d\u00fcller da\u011f\u0131t\u0131ld\u0131.<br \/><\/p>\n","protected":false},"excerpt":{"rendered":"<p>Karaburun Belediyesi taraf\u0131ndan bu y\u0131l 14. kez d\u00fczenlenen Mordo\u011fan Levrek Av\u0131 Yar\u0131\u015fmas\u0131 keyifli anlara sahne oldu. Amat\u00f6r bal\u0131k av\u0131 merakl\u0131lar\u0131n\u0131 bir araya getiren programa \u0130zmir B\u00fcy\u00fck\u015fehir Belediye Ba\u015fkan\u0131 Dr. Cemil Tugay da olta atarak kat\u0131ld\u0131. Gece boyunca s\u00fcren etkinli\u011fin ard\u0131ndan dereceye girenlere \u00f6d\u00fclleri verildi. Karaburun Belediyesi taraf\u0131ndan bu y\u0131l 14. kez d\u00fczenlenen Mordo\u011fan Levrek Av\u0131&#8230;<\/p>\n","protected":false},"author":1,"featured_media":19359,"comment_status":"open","ping_status":"open","sticky":false,"template":"","format":"standard","meta":{"_crdt_document":"","footnotes":""},"categories":[1],"tags":[],"class_list":["post-19358","post","type-post","status-publish","format-standard","has-post-thumbnail","hentry","category-guncel"],"_links":{"self":[{"href":"https:\/\/www.egemtv.com\/index.php?rest_route=\/wp\/v2\/posts\/19358","targetHints":{"allow":["GET"]}}],"collection":[{"href":"https:\/\/www.egemtv.com\/index.php?rest_route=\/wp\/v2\/posts"}],"about":[{"href":"https:\/\/www.egemtv.com\/index.php?rest_route=\/wp\/v2\/types\/post"}],"author":[{"embeddable":true,"href":"https:\/\/www.egemtv.com\/index.php?rest_route=\/wp\/v2\/users\/1"}],"replies":[{"embeddable":true,"href":"https:\/\/www.egemtv.com\/index.php?rest_route=%2Fwp%2Fv2%2Fcomments&post=19358"}],"version-history":[{"count":1,"href":"https:\/\/www.egemtv.com\/index.php?rest_route=\/wp\/v2\/posts\/19358\/revisions"}],"predecessor-version":[{"id":19360,"href":"https:\/\/www.egemtv.com\/index.php?rest_route=\/wp\/v2\/posts\/19358\/revisions\/19360"}],"wp:featuredmedia":[{"embeddable":true,"href":"https:\/\/www.egemtv.com\/index.php?rest_route=\/wp\/v2\/media\/19359"}],"wp:attachment":[{"href":"https:\/\/www.egemtv.com\/index.php?rest_route=%2Fwp%2Fv2%2Fmedia&parent=19358"}],"wp:term":[{"taxonomy":"category","embeddable":true,"href":"https:\/\/www.egemtv.com\/index.php?rest_route=%2Fwp%2Fv2%2Fcategories&post=19358"},{"taxonomy":"post_tag","embeddable":true,"href":"https:\/\/www.egemtv.com\/index.php?rest_route=%2Fwp%2Fv2%2Ftags&post=19358"}],"curies":[{"name":"wp","href":"https:\/\/api.w.org\/{rel}","templated":true}]}}