{"id":19355,"date":"2025-02-16T13:15:07","date_gmt":"2025-02-16T10:15:07","guid":{"rendered":"https:\/\/www.egemtv.com\/?p=19355"},"modified":"2025-02-16T13:15:12","modified_gmt":"2025-02-16T10:15:12","slug":"sanat-sehri-denizlide-karikatur-sergisi","status":"publish","type":"post","link":"https:\/\/www.egemtv.com\/?p=19355","title":{"rendered":"Sanat \u015eehri Denizli\u2019de karikat\u00fcr sergisi"},"content":{"rendered":"<p>Denizli B\u00fcy\u00fck\u015fehir Belediyesi, T\u00fcrk mizah ve karikat\u00fcr sanat\u0131n\u0131n usta isimlerinden Metin \u00dcst\u00fcnda\u011f\u2019\u0131n, &#8220;A\u015fk \u0130ki Ki\u015fiyle Oynan\u0131r, \u0130yi Olan Kaybeder&#8221; adl\u0131 karikat\u00fcr sergisini Denizlililerin be\u011fenisine sundu. 72 ayr\u0131 eserin g\u00f6r\u00fcc\u00fcye \u00e7\u0131kt\u0131\u011f\u0131 bu \u00f6zel sergi 20 \u015eubat\u2019a kadar ziyaret edilebilecek.<br \/>\n<br \/>Karikat\u00fcr\u00fcn usta isimi Metin \u00dcst\u00fcnda\u011f\u2019\u0131n eserlerinin yer ald\u0131\u011f\u0131  &#8220;A\u015fk \u0130ki Ki\u015fiyle Oynan\u0131r, \u0130yi Olan Kaybeder&#8221; adl\u0131 sergi Denizli B\u00fcy\u00fck\u015fehir Belediyesi Turan Bahad\u0131r Sergi Salonu\u2019nda a\u00e7\u0131ld\u0131. Serginin a\u00e7\u0131l\u0131\u015f\u0131na, Denizli B\u00fcy\u00fck\u015fehir Belediyesi Ba\u015fkanvekili Ali Mar\u0131m, Genel Sekreter Yard\u0131mc\u0131s\u0131 \u00d6zg\u00fcr Ba\u015fkurt, B\u00fcy\u00fck\u015fehir Belediyesi K\u00fclt\u00fcr ve Sosyal \u0130\u015fler Dairesi Ba\u015fkan\u0131 Mehmet Sel\u00e7uk, \u0130l K\u00fclt\u00fcr ve Turizm M\u00fcd\u00fcr\u00fc H\u00fcdaverdi Otakl\u0131, sanatseverler ve \u00e7ok say\u0131da davetli kat\u0131ld\u0131. Program\u0131n a\u00e7\u0131l\u0131\u015f konu\u015fmas\u0131n\u0131 yapan Sel\u00e7uk, rahats\u0131zl\u0131\u011f\u0131 dolay\u0131s\u0131yla Metin \u00dcst\u00fcnda\u011f\u2019\u0131n sergi a\u00e7\u0131l\u0131\u015f\u0131na kat\u0131lamad\u0131\u011f\u0131n\u0131 ifade ederek, &#8220;O T\u00fcrk mizah\u0131n\u0131n, karikat\u00fcr\u00fcn\u00fcn filozofu. Karikat\u00fcrlerini, aforizmalar\u0131n\u0131 g\u00f6rd\u00fc\u011f\u00fcn\u00fcz zaman daha da mutlu olacaks\u0131n\u0131z. B\u00f6yle bir d\u00fcnya da iyi ki, Metin \u00dcst\u00fcnda\u011f var diyeceksiniz&#8221; dedi.<br \/>\n<br \/>Sanat \u015fehri Denizli<br \/>\n<br \/>Ba\u015fkanvekili Ali Mar\u0131m ise, sanat\u0131 seven, sanat\u00e7\u0131ya sayg\u0131 duyan bir kentte ya\u015f\u0131yor olman\u0131n mutlulu\u011funu ya\u015fad\u0131klar\u0131n\u0131 s\u00f6yledi. Mar\u0131m, &#8220;Sizlerin bizlere verdi\u011fi g\u00fc\u00e7 ile daha fazla \u00e7al\u0131\u015f\u0131yor, daha fazla etkinlik ile Denizli halk\u0131n\u0131 T\u00fcrkiye\u2019nin yeti\u015ftirdi\u011fi sanat\u00e7\u0131lar\u0131n eserleri ile bulu\u015fturuyoruz. Denizli B\u00fcy\u00fck\u015fehir Belediyesi olarak B\u00fclent Nuri \u00c7avu\u015fo\u011flu Ba\u015fkan\u0131m\u0131z\u0131n dedi\u011fi gibi, sanat \u015fehri Denizli, mutlu insanlar\u0131n \u015fehri Denizli \u015fiar\u0131n\u0131 yerle\u015ftirmek ve bu konuda en iyisini yapmak \u00fczere \u00e7ok farkl\u0131 proje ve etkinliklerle Denizli halk\u0131n\u0131n emrinde \u00e7al\u0131\u015fmalar\u0131m\u0131za devam ediyoruz&#8221; diye konu\u015ftu. Konu\u015fmalar\u0131n ard\u0131ndan Ba\u015fkanvekili Mar\u0131m ve beraberindekiler, Metin \u00dcst\u00fcnda\u011f\u2019\u0131n eserlerinden olu\u015fan sergiyi tek tek inceledi. Sergi 20 \u015eubat\u2019a kadar Turan Bahad\u0131r Sergi Salonu\u2019nda ziyaret edilebilecek.<br \/><\/p>\n","protected":false},"excerpt":{"rendered":"<p>Denizli B\u00fcy\u00fck\u015fehir Belediyesi, T\u00fcrk mizah ve karikat\u00fcr sanat\u0131n\u0131n usta isimlerinden Metin \u00dcst\u00fcnda\u011f\u2019\u0131n, &#8220;A\u015fk \u0130ki Ki\u015fiyle Oynan\u0131r, \u0130yi Olan Kaybeder&#8221; adl\u0131 karikat\u00fcr sergisini Denizlililerin be\u011fenisine sundu. 72 ayr\u0131 eserin g\u00f6r\u00fcc\u00fcye \u00e7\u0131kt\u0131\u011f\u0131 bu \u00f6zel sergi 20 \u015eubat\u2019a kadar ziyaret edilebilecek. Karikat\u00fcr\u00fcn usta isimi Metin \u00dcst\u00fcnda\u011f\u2019\u0131n eserlerinin yer ald\u0131\u011f\u0131 &#8220;A\u015fk \u0130ki Ki\u015fiyle Oynan\u0131r, \u0130yi Olan Kaybeder&#8221; adl\u0131 sergi&#8230;<\/p>\n","protected":false},"author":1,"featured_media":19356,"comment_status":"open","ping_status":"open","sticky":false,"template":"","format":"standard","meta":{"_crdt_document":"","footnotes":""},"categories":[1],"tags":[],"class_list":["post-19355","post","type-post","status-publish","format-standard","has-post-thumbnail","hentry","category-guncel"],"_links":{"self":[{"href":"https:\/\/www.egemtv.com\/index.php?rest_route=\/wp\/v2\/posts\/19355","targetHints":{"allow":["GET"]}}],"collection":[{"href":"https:\/\/www.egemtv.com\/index.php?rest_route=\/wp\/v2\/posts"}],"about":[{"href":"https:\/\/www.egemtv.com\/index.php?rest_route=\/wp\/v2\/types\/post"}],"author":[{"embeddable":true,"href":"https:\/\/www.egemtv.com\/index.php?rest_route=\/wp\/v2\/users\/1"}],"replies":[{"embeddable":true,"href":"https:\/\/www.egemtv.com\/index.php?rest_route=%2Fwp%2Fv2%2Fcomments&post=19355"}],"version-history":[{"count":1,"href":"https:\/\/www.egemtv.com\/index.php?rest_route=\/wp\/v2\/posts\/19355\/revisions"}],"predecessor-version":[{"id":19357,"href":"https:\/\/www.egemtv.com\/index.php?rest_route=\/wp\/v2\/posts\/19355\/revisions\/19357"}],"wp:featuredmedia":[{"embeddable":true,"href":"https:\/\/www.egemtv.com\/index.php?rest_route=\/wp\/v2\/media\/19356"}],"wp:attachment":[{"href":"https:\/\/www.egemtv.com\/index.php?rest_route=%2Fwp%2Fv2%2Fmedia&parent=19355"}],"wp:term":[{"taxonomy":"category","embeddable":true,"href":"https:\/\/www.egemtv.com\/index.php?rest_route=%2Fwp%2Fv2%2Fcategories&post=19355"},{"taxonomy":"post_tag","embeddable":true,"href":"https:\/\/www.egemtv.com\/index.php?rest_route=%2Fwp%2Fv2%2Ftags&post=19355"}],"curies":[{"name":"wp","href":"https:\/\/api.w.org\/{rel}","templated":true}]}}