{"id":19316,"date":"2025-02-16T12:07:00","date_gmt":"2025-02-16T09:07:00","guid":{"rendered":"https:\/\/www.egemtv.com\/?p=19316"},"modified":"2025-02-16T12:07:03","modified_gmt":"2025-02-16T09:07:03","slug":"koycegizde-egitim-camiasi-yasta","status":"publish","type":"post","link":"https:\/\/www.egemtv.com\/?p=19316","title":{"rendered":"K\u00f6yce\u011fiz\u2019de e\u011fitim camias\u0131 yasta"},"content":{"rendered":"<p>Mu\u011fla\u2019n\u0131n K\u00f6yce\u011fiz il\u00e7esi Milli E\u011fitim M\u00fcd\u00fcrl\u00fc\u011f\u00fc personeli \u015eevki \u00c7elik (53) kalp krizi sonucu hayat\u0131n\u0131 kaybetti.<\/p>\n<p>K\u00f6yce\u011fiz e\u011fitim camias\u0131, Milli E\u011fitim personeli \u015eevki \u00c7elik\u2019in ani vefat\u0131yla b\u00fcy\u00fck bir \u00fcz\u00fcnt\u00fcye bo\u011fuldu. Merhum \u015eevki \u00c7elik\u2019in cenazesi, K\u00f6yce\u011fiz Toparlar Mahallesi Merkez Camii\u2019nde \u00f6\u011fle namaz\u0131na m\u00fcteakip, k\u0131l\u0131nan cenaze namaz\u0131n\u0131n ard\u0131ndan T\u00fcrbe Mezarl\u0131\u011f\u0131\u2019nda topra\u011fa verildi. Cenaze t\u00f6renine \u00e7ok say\u0131da vatanda\u015f kat\u0131ld\u0131. \u015eevki \u00c7elik\u2019in vefat\u0131, K\u00f6yce\u011fiz e\u011fitim camias\u0131nda derin bir \u00fcz\u00fcnt\u00fcye neden oldu. Mesai arkada\u015flar\u0131 ve \u00f6\u011fretmenler taraf\u0131ndan sevilen \u015eevki \u00c7elik\u2019in ani vefat\u0131, sevenlerini yasa bo\u011fdu. K\u00f6yce\u011fiz \u0130l\u00e7e Milli E\u011fitim M\u00fcd\u00fcr\u00fc Kerem Karahan, ac\u0131 haberi al\u0131r almaz bir taziye mesaj\u0131 yay\u0131mlad\u0131. Karahan, mesaj\u0131nda &#8220;Personelimiz \u015eevki \u00c7elik\u2019in vefat\u0131n\u0131 derin bir teess\u00fcrle \u00f6\u011frenmi\u015f bulunmaktay\u0131m. Merhuma Allah\u2019tan rahmet, yak\u0131nlar\u0131na ve e\u011fitim camiam\u0131za ba\u015fsa\u011fl\u0131\u011f\u0131 diliyorum&#8221; ifadeleri yer ald\u0131.<br \/><\/p>\n","protected":false},"excerpt":{"rendered":"<p>Mu\u011fla\u2019n\u0131n K\u00f6yce\u011fiz il\u00e7esi Milli E\u011fitim M\u00fcd\u00fcrl\u00fc\u011f\u00fc personeli \u015eevki \u00c7elik (53) kalp krizi sonucu hayat\u0131n\u0131 kaybetti. K\u00f6yce\u011fiz e\u011fitim camias\u0131, Milli E\u011fitim personeli \u015eevki \u00c7elik\u2019in ani vefat\u0131yla b\u00fcy\u00fck bir \u00fcz\u00fcnt\u00fcye bo\u011fuldu. Merhum \u015eevki \u00c7elik\u2019in cenazesi, K\u00f6yce\u011fiz Toparlar Mahallesi Merkez Camii\u2019nde \u00f6\u011fle namaz\u0131na m\u00fcteakip, k\u0131l\u0131nan cenaze namaz\u0131n\u0131n ard\u0131ndan T\u00fcrbe Mezarl\u0131\u011f\u0131\u2019nda topra\u011fa verildi. Cenaze t\u00f6renine \u00e7ok say\u0131da vatanda\u015f kat\u0131ld\u0131&#8230;.<\/p>\n","protected":false},"author":1,"featured_media":19317,"comment_status":"open","ping_status":"open","sticky":false,"template":"","format":"standard","meta":{"_crdt_document":"","footnotes":""},"categories":[1],"tags":[],"class_list":["post-19316","post","type-post","status-publish","format-standard","has-post-thumbnail","hentry","category-guncel"],"_links":{"self":[{"href":"https:\/\/www.egemtv.com\/index.php?rest_route=\/wp\/v2\/posts\/19316","targetHints":{"allow":["GET"]}}],"collection":[{"href":"https:\/\/www.egemtv.com\/index.php?rest_route=\/wp\/v2\/posts"}],"about":[{"href":"https:\/\/www.egemtv.com\/index.php?rest_route=\/wp\/v2\/types\/post"}],"author":[{"embeddable":true,"href":"https:\/\/www.egemtv.com\/index.php?rest_route=\/wp\/v2\/users\/1"}],"replies":[{"embeddable":true,"href":"https:\/\/www.egemtv.com\/index.php?rest_route=%2Fwp%2Fv2%2Fcomments&post=19316"}],"version-history":[{"count":1,"href":"https:\/\/www.egemtv.com\/index.php?rest_route=\/wp\/v2\/posts\/19316\/revisions"}],"predecessor-version":[{"id":19318,"href":"https:\/\/www.egemtv.com\/index.php?rest_route=\/wp\/v2\/posts\/19316\/revisions\/19318"}],"wp:featuredmedia":[{"embeddable":true,"href":"https:\/\/www.egemtv.com\/index.php?rest_route=\/wp\/v2\/media\/19317"}],"wp:attachment":[{"href":"https:\/\/www.egemtv.com\/index.php?rest_route=%2Fwp%2Fv2%2Fmedia&parent=19316"}],"wp:term":[{"taxonomy":"category","embeddable":true,"href":"https:\/\/www.egemtv.com\/index.php?rest_route=%2Fwp%2Fv2%2Fcategories&post=19316"},{"taxonomy":"post_tag","embeddable":true,"href":"https:\/\/www.egemtv.com\/index.php?rest_route=%2Fwp%2Fv2%2Ftags&post=19316"}],"curies":[{"name":"wp","href":"https:\/\/api.w.org\/{rel}","templated":true}]}}