{"id":19313,"date":"2025-02-16T11:41:40","date_gmt":"2025-02-16T08:41:40","guid":{"rendered":"https:\/\/www.egemtv.com\/?p=19313"},"modified":"2025-02-16T11:41:45","modified_gmt":"2025-02-16T08:41:45","slug":"prof-dr-huseyin-seyhanlioglu-turkiye-terorle-55-yildir-sinaniyor-artik-cozum-zamani","status":"publish","type":"post","link":"https:\/\/www.egemtv.com\/?p=19313","title":{"rendered":"Prof. Dr. H\u00fcseyin \u015eeyhanl\u0131o\u011flu: &#8220;T\u00fcrkiye, ter\u00f6rle 55 y\u0131ld\u0131r s\u0131nan\u0131yor, art\u0131k \u00e7\u00f6z\u00fcm zaman\u0131&#8221;"},"content":{"rendered":"<p>K\u00fctahya Dumlup\u0131nar \u00dcniversitesi (DP\u00dc) Uygulama ve Ara\u015ft\u0131rma Merkezleri Koordinat\u00f6r\u00fc, Siyaset Bilimi ve Uluslararas\u0131 \u0130li\u015fkiler Uzman\u0131 Prof. Dr. H\u00fcseyin \u015eeyhanl\u0131o\u011flu, T\u00fcrkiye\u2019nin ter\u00f6r ve PKK ter\u00f6r \u00f6rg\u00fct\u00fcyle m\u00fccadelesine dair \u00f6nemli a\u00e7\u0131klamalarda bulundu. \u015eeyhanl\u0131o\u011flu, T\u00fcrkiye\u2019nin 1970-80 aras\u0131nda sa\u011f-sol \u00e7at\u0131\u015fmalar\u0131yla ve 12 Eyl\u00fcl darbesinden sonra \u00f6zellikle PKK\u2019n\u0131n ilk silahl\u0131 eyleme ba\u015flad\u0131\u011f\u0131 1984 y\u0131l\u0131ndan bu yana ter\u00f6rle m\u00fccadele s\u00fcrecinin, maliyetinin 2 trilyon dolara yak\u0131n oldu\u011funu belirtti.<br \/>\n<br \/>Seyhanl\u0131o\u011flu, T\u00fcrkiye\u2019nin ge\u00e7mi\u015fte ter\u00f6r sorununu \u00e7\u00f6zmek i\u00e7in ciddi icraatlarda bulundu\u011fu ve farkl\u0131 yollar denedi\u011fini hat\u0131rlatarak, &#8220;\u00d6zellikle 1988-93 y\u0131llar\u0131nda Rahmetli \u00d6zal ve Demirel d\u00f6nemlerinde ciddi bir \u00e7\u00f6z\u00fcm aray\u0131\u015f\u0131 oldu\u011fu ancak bunun da \u00f6zellikle 1993 y\u0131l\u0131nda ba\u015flayan faili me\u00e7hul cinayetlerle (U\u011fur Mumcu, 33 Er\u2019in Elaz\u0131\u011f- Bing\u00f6l karayolunda \u015fehit edilmesi, Adnan Kahveci, E\u015fref Bitlis ve Turgut \u00d6zal\u2019\u0131n da de\u011fi\u015fik kazalarla kurban olmas\u0131) i\u00e7 ve d\u0131\u015f sebeplerle i\u00e7 bar\u0131\u015f s\u00fcreci tersine d\u00f6nd\u00fc. 2014\u2019te ise \u00f6zellikle Erdo\u011fan\u2019\u0131n liderli\u011finde yeni bir \u00e7\u00f6z\u00fcm s\u00fcreci ba\u015flat\u0131ld\u0131 ancak o da Gezi Park\u0131, 6-8 Ekim olaylar\u0131, \u00c7ukur Sava\u015f\u0131 ve 15 Temmuz darbesiyle akamete u\u011frat\u0131ld\u0131. B\u00fct\u00fcn bu s\u00fcre\u00e7ler T\u00fcrkiye\u2019nin g\u00fc\u00e7lenme d\u00f6nemlerine kas\u0131tl\u0131 olarak denk getirilmi\u015f ve t\u00fcm bu s\u00fcre\u00e7lerde PKK, may\u0131n olarak kullan\u0131lm\u0131\u015f ve i\u00e7 ve b\u00f6lgesel bar\u0131\u015f \u00e7abalar\u0131 nedeniyle ba\u015far\u0131s\u0131z oldu&#8221; dedi.<br \/>\n<br \/>Ter\u00f6r\u00fcn yaln\u0131zca T\u00fcrkiye\u2019nin de\u011fil, Irak ve Suriye ba\u015fta olmak \u00fczere b\u00f6lgenin de istikrar\u0131n\u0131 tehdit etti\u011fini vurgulayan \u015eeyhanl\u0131o\u011flu, PYD\u2019nin Suriye\u2019de ABD taraf\u0131ndan kurumsalla\u015ft\u0131r\u0131ld\u0131\u011f\u0131n\u0131, \u0130srail ve Bat\u0131l\u0131 \u00fclkeler taraf\u0131ndan desteklendi\u011fini s\u00f6yledi.<\/p>\n<p>&#8220;PKK\/PYD, b\u00fcy\u00fck \u0130srail i\u00e7in bat\u0131l\u0131 \u00fclkeler taraf\u0131ndan destekleniyor&#8221;<br \/>\n<br \/>\u015eeyhanl\u0131o\u011flu, \u00f6zellikle ABD, \u0130ngiltere ve \u0130srail\u2019in PYD\u2019yi destekledi\u011fini belirterek, &#8220;Bug\u00fcn Suriye\u2019de PYD, 100 bin ki\u015filik bir ter\u00f6r \u015febekesine d\u00f6n\u00fc\u015ft\u00fcr\u00fcld\u00fc. Ellerindeki tank savarlar \u0130sve\u00e7 yap\u0131m\u0131, hava ara\u00e7lar\u0131 ABD yap\u0131m\u0131, s\u0131\u011f\u0131nak ve t\u00fcneller Frans\u0131z yap\u0131m\u0131 Bat\u0131, bu mankurt \u00f6rg\u00fct\u00fc silahland\u0131r\u0131yor ve maddi ve manevi olarak destek sa\u011fl\u0131yor&#8221; ifadelerini kulland\u0131.<br \/>\n<br \/>\u00d6rg\u00fct\u00fcn 1984-2004 y\u0131llar\u0131 aras\u0131nda Suriye, L\u00fcbnan ve Irak\u2019ta kurumsalla\u015ft\u0131r\u0131ld\u0131\u011f\u0131m\u0131 belirten \u015eeyhanl\u0131o\u011flu; ancak 2004 y\u0131l\u0131nda ilk PKK\u2019n\u0131n y\u00fczde 96 saha elemanlar\u0131yla \u00f6rg\u00fct\u00fcn ba\u015far\u0131s\u0131zl\u0131\u011f\u0131, T\u00fcrkiye\u2019nin AK Parti iktidar\u0131nda normalle\u015fmesi, ABD\u2019n\u0131n Musul i\u015fgal Komutan\u0131n\u0131n politikalar\u0131n\u0131n ters y\u00fcz olmas\u0131 sonucu \u00f6rg\u00fct Nizamettin Ta\u015f liderli\u011finde PKK\u2019y\u0131 tasfiye edip Barzani\u2019ye (Erbil-2007) ba\u011fland\u0131. Da\u011f\u0131lan \u00f6rg\u00fct bu tarihten ancak 3 y\u0131l sonra Almanya\u2019n\u0131n deste\u011fiyle yeni bir yap\u0131lanmaya girdi. Bu nedenle ismi ayn\u0131 olsa da ikinci bir \u00f6rg\u00fct kuruldu. Bu nedenle &#8220;\u00d6calan\u2019\u0131n PKK \u00fczerindeki etkisi azald\u0131. 2004\u2019te PKK\u2019n\u0131n ilk versiyonu kapand\u0131, ancak 2007\u2019de farkl\u0131 bir yap\u0131 ortaya \u00e7\u0131kt\u0131. Yeni PKK, \u00d6calan\u2019\u0131 dinler mi? Diye sorsan\u0131z &#8220;Hay\u0131r, dinlemez diyorum&#8221; dedi.<br \/>\n<br \/>Mart 2011 tarihinden itibaren d\u0131\u015ftan kundakl\u0131 Suriye i\u00e7 sava\u015f\u0131n\u0131n ba\u015flamas\u0131yla, bu d\u00f6nemde Irak ve Suriye\u2019de hem \u00e7\u00f6z\u00fcm s\u00fcreci hem de DEA\u015e ve PKK \u00fczerinde saha \u00e7al\u0131\u015fmas\u0131 yapan ve Kerk\u00fck\u2019te bir s\u00fcre kimli\u011fi belirsiz bir \u00f6rg\u00fct taraf\u0131ndan ekibiyle birlikte al\u0131konulan \u015eeyhanl\u0131o\u011flu durumu \u015f\u00f6yle a\u00e7\u0131klad\u0131: &#8220;2011 y\u0131l\u0131 A\u011fustos ay\u0131nda Celal Talabani\u2019nin evinde Suriye G\u00fcvenlik Dan\u0131\u015fman\u0131 Ali Meml\u00fck, As\u0131f \u015eevket, Murat Karay\u0131lan, Bahoz Erdal ve Kas\u0131m S\u00fcleymani aras\u0131nda yap\u0131lan toplant\u0131yla PYD, F\u0131rat\u2019\u0131n do\u011fusu ve Suriye\u2019nin kuzeyinde kurumsalla\u015ft\u0131r\u0131ld\u0131. ABD Ortado\u011fu \u00d6zel temsilcisi Bred McGurk da, Rakka ve Deyrizor\u2019daki Tay ve \u015eammar a\u015firetleri de buna dahil ederek DSG\u2019yi kurdu. ABD b\u00f6ylece PKK bitse de boynuzu ge\u00e7en kulak misali PYD\u2019yi \u0130srail\u2019e Davud Koridoru ile eklemek i\u00e7in kurumsalla\u015ft\u0131rd\u0131. Hedef b\u00fcy\u00fck \u0130srail\u2019idir&#8221; diye konu\u015ftu.<\/p>\n<p>&#8220;T\u00fcrkiye son kez bu Sorunu \u00e7\u00f6zmek istiyor&#8221;<br \/>\n<br \/>MHP Genel Ba\u015fkan\u0131 Devlet Bah\u00e7eli\u2019nin mecliste yapt\u0131\u011f\u0131 bir konu\u015fmay\u0131 hat\u0131rlatan \u015eeyhanl\u0131o\u011flu, &#8220;Bah\u00e7eli, \u2018\u00d6calan \u00f6rg\u00fct\u00fc kurdu\u011funu s\u00f6yl\u00fcyorsa, \u015fimdi da\u011f\u0131ts\u0131n\u2019 dedi. T\u00fcrkiye art\u0131k bu sorunu \u00e7\u00f6zmek istiyor ve son kez bir \u00e7\u00f6z\u00fcm s\u00fcreci y\u00fcr\u00fct\u00fcl\u00fcyor&#8221; diye konu\u015ftu. Ancak \u00d6calan da \u00f6rg\u00fct gibi piyondur ve bunun arkas\u0131nda \u0130srail vard\u0131r.<br \/>\n<br \/>T\u00fcrkiye\u2019nin Suriye\u2019deki ter\u00f6r unsurlar\u0131na kar\u015f\u0131 da net bir tav\u0131r sergiledi\u011fini vurgulayan \u015eeyhanl\u0131o\u011flu, &#8220;PYD\u2019nin elindeki a\u011f\u0131r silahlar ne olacak? T\u00fcrkiye, bunlar\u0131n Suriye Milli Ordusu b\u00fcnyesinde eritilmesini \u00f6neriyor. T\u00fcrkiye, b\u00f6lgenin istikrara kavu\u015fmas\u0131n\u0131 istiyor. \u00d6calan \u00f6rg\u00fct \u00fcst\u00fcnde etkili olabilir mi? Hay\u0131r Bu nedenle, \u00e7ukur sava\u015f gibi en k\u00f6t\u00fc senaryoya kar\u015f\u0131 haz\u0131rl\u0131kl\u0131 olal\u0131m&#8221; dedi.<br \/>\n<br \/>\u015eeyhanl\u0131o\u011flu, T\u00fcrkiye, Irak ve Suriye\u2019nin ortak bir ekonomik ve siyasi i\u015f birli\u011fi modeli geli\u015ftirmesi gerekti\u011fini belirterek, &#8220;Neden Avrupa Birli\u011fi modeli gibi bir i\u015f birli\u011fi yapmayal\u0131m? Petrol, su, toprak ve yetenekli a\u00e7 insanlar burada. Bu kaynaklar\u0131 ortak kullanarak b\u00f6lgede istikrar ve k\u00fcresel bir g\u00fc\u00e7 sa\u011flayabiliriz&#8221; dedi.<br \/>\n<br \/>T\u00fcrkiye\u2019nin ter\u00f6rle m\u00fccadelede kararl\u0131 oldu\u011funu belirten \u015eeyhanl\u0131o\u011flu, &#8220;Bu ter\u00f6r ya silah b\u0131rakacak ya da T\u00fcrkiye gerekli askeri ad\u0131mlar\u0131 atacakt\u0131r. Ancak Trump ve Netanyahu\u2019nun d\u00fc\u015f\u00fcncelerine bak\u0131lacak olursa Armageddon\u2019a haz\u0131rlan\u0131yorlar ve buna kar\u015f\u0131 etnik ve mezhep \u00fcst\u00fc, ortak askeri g\u00fc\u00e7 dahil olarak Bereketli Hilal Birli\u011finin kurulmas\u0131 gerekti\u011fi&#8221; ifadelerini kulland\u0131.<br \/><\/p>\n","protected":false},"excerpt":{"rendered":"<p>K\u00fctahya Dumlup\u0131nar \u00dcniversitesi (DP\u00dc) Uygulama ve Ara\u015ft\u0131rma Merkezleri Koordinat\u00f6r\u00fc, Siyaset Bilimi ve Uluslararas\u0131 \u0130li\u015fkiler Uzman\u0131 Prof. Dr. H\u00fcseyin \u015eeyhanl\u0131o\u011flu, T\u00fcrkiye\u2019nin ter\u00f6r ve PKK ter\u00f6r \u00f6rg\u00fct\u00fcyle m\u00fccadelesine dair \u00f6nemli a\u00e7\u0131klamalarda bulundu. \u015eeyhanl\u0131o\u011flu, T\u00fcrkiye\u2019nin 1970-80 aras\u0131nda sa\u011f-sol \u00e7at\u0131\u015fmalar\u0131yla ve 12 Eyl\u00fcl darbesinden sonra \u00f6zellikle PKK\u2019n\u0131n ilk silahl\u0131 eyleme ba\u015flad\u0131\u011f\u0131 1984 y\u0131l\u0131ndan bu yana ter\u00f6rle m\u00fccadele s\u00fcrecinin, maliyetinin&#8230;<\/p>\n","protected":false},"author":1,"featured_media":19314,"comment_status":"open","ping_status":"open","sticky":false,"template":"","format":"standard","meta":{"_crdt_document":"","footnotes":""},"categories":[123],"tags":[],"class_list":["post-19313","post","type-post","status-publish","format-standard","has-post-thumbnail","hentry","category-gundem"],"_links":{"self":[{"href":"https:\/\/www.egemtv.com\/index.php?rest_route=\/wp\/v2\/posts\/19313","targetHints":{"allow":["GET"]}}],"collection":[{"href":"https:\/\/www.egemtv.com\/index.php?rest_route=\/wp\/v2\/posts"}],"about":[{"href":"https:\/\/www.egemtv.com\/index.php?rest_route=\/wp\/v2\/types\/post"}],"author":[{"embeddable":true,"href":"https:\/\/www.egemtv.com\/index.php?rest_route=\/wp\/v2\/users\/1"}],"replies":[{"embeddable":true,"href":"https:\/\/www.egemtv.com\/index.php?rest_route=%2Fwp%2Fv2%2Fcomments&post=19313"}],"version-history":[{"count":1,"href":"https:\/\/www.egemtv.com\/index.php?rest_route=\/wp\/v2\/posts\/19313\/revisions"}],"predecessor-version":[{"id":19315,"href":"https:\/\/www.egemtv.com\/index.php?rest_route=\/wp\/v2\/posts\/19313\/revisions\/19315"}],"wp:featuredmedia":[{"embeddable":true,"href":"https:\/\/www.egemtv.com\/index.php?rest_route=\/wp\/v2\/media\/19314"}],"wp:attachment":[{"href":"https:\/\/www.egemtv.com\/index.php?rest_route=%2Fwp%2Fv2%2Fmedia&parent=19313"}],"wp:term":[{"taxonomy":"category","embeddable":true,"href":"https:\/\/www.egemtv.com\/index.php?rest_route=%2Fwp%2Fv2%2Fcategories&post=19313"},{"taxonomy":"post_tag","embeddable":true,"href":"https:\/\/www.egemtv.com\/index.php?rest_route=%2Fwp%2Fv2%2Ftags&post=19313"}],"curies":[{"name":"wp","href":"https:\/\/api.w.org\/{rel}","templated":true}]}}