{"id":19310,"date":"2025-02-16T10:59:13","date_gmt":"2025-02-16T07:59:13","guid":{"rendered":"https:\/\/www.egemtv.com\/?p=19310"},"modified":"2025-02-16T10:59:17","modified_gmt":"2025-02-16T07:59:17","slug":"ekodosdda-anlamli-jest","status":"publish","type":"post","link":"https:\/\/www.egemtv.com\/?p=19310","title":{"rendered":"EKODOSD\u2019da anlaml\u0131 jest"},"content":{"rendered":"<p>\u00d6nemli kaya resimleri ile tarih \u00f6ncesi d\u00f6nemlere ev sahipli\u011fi yapt\u0131\u011f\u0131 bilinen Latmos\u2019a dikkat \u00e7eken \u2018Latmoslu Kad\u0131n\u2019 tablosu, Ekosistemi Koruma ve Do\u011fa Sevenler Derne\u011fi\u2019ne (EKODOSD) hediye edildi.<\/p>\n<p>Ge\u00e7mi\u015finde bir\u00e7ok medeniyete ev sahipli\u011fi yapan ve adeta a\u00e7\u0131k hava m\u00fczesi \u00f6zelli\u011fi ta\u015f\u0131yan Ayd\u0131n, her ge\u00e7en g\u00fcn cazibesini art\u0131rmaya devam ederken, do\u011fal g\u00fczellikleri ve tarihi yap\u0131s\u0131yla dikkat \u00e7eken yerlerden olan Latmos b\u00f6lgesi de tarihin gizemini ke\u015ffetmek isteyen yerli ve yabanc\u0131 turistlerin rotas\u0131na giriyor. Bu kapsamda b\u00f6lgenin korunmas\u0131 ve tarihi \u00f6neminin ortaya \u00e7\u0131kar\u0131lmas\u0131 ad\u0131na \u00e7al\u0131\u015fmalar y\u00fcr\u00fcten Ekosistemi Koruma ve Do\u011fa Sevenler Derne\u011fi\u2019ni (EKODOSD) ziyaret eden ressam Ay\u015fe Mesude Kumbasar ise do\u011faseverlere anlaml\u0131 bir jest yapt\u0131. Kumbasar, kaya resimlerine dikkat \u00e7eken \u2018Latmoslu Kad\u0131n\u2019 ya\u011fl\u0131 boya tablosunu EKODOSD Ba\u015fkan\u0131 Bahattin S\u00fcr\u00fcc\u00fc\u2019ye teslim ederek, derne\u011fe hediye etti.<\/p>\n<p>Kumbasar\u2019\u0131n ziyareti ve jesti kar\u015f\u0131s\u0131nda te\u015fekk\u00fcr eden Ba\u015fkan S\u00fcr\u00fcc\u00fc, konu ile ilgili yapt\u0131\u011f\u0131 a\u00e7\u0131klamada &#8220;Ge\u00e7ti\u011fimiz y\u0131l Ekim ay\u0131nda Mu\u011fla B\u00fcy\u00fck\u015fehir Belediyesi\u2019nin destekledi\u011fi \u2019Latmos\u2019ta Zaman Metamorfozlar\u2019 konulu a\u00e7\u0131k oturum ve resim sergisi yap\u0131lm\u0131\u015ft\u0131. 70 sanat\u00e7\u0131n\u0131n yapt\u0131\u011f\u0131 birbirinden g\u00fczel resimlerden birini Bodrum\u2019da ya\u015fayan ressam Ay\u015fe Mesude Kumbasar yapm\u0131\u015ft\u0131. Tablosundaki Latmoslu kad\u0131n temas\u0131n\u0131 anne ve k\u0131z\u0131yla nat\u00fcralist bir \u015fekilde resmeden Ay\u015fe Mesude Kumbasar, bug\u00fcn derne\u011fimizi ziyaret ederek yapm\u0131\u015f oldu\u011fu ya\u011fl\u0131 boya tabloyu derne\u011fimize hediye etti. Anneliese Peschlow taraf\u0131ndan 1994 y\u0131l\u0131nda Latmos (Be\u015fparmak) Da\u011flar\u0131\u2019nda bulunan kaya resimleri, t\u00fcm d\u00fcnyada \u00f6rnekleri bulunan kaya resim sanat\u0131 i\u00e7inde benzersiz olup, Ayd\u0131n\u2019\u0131 t\u00fcm d\u00fcnyaya tan\u0131tacak \u00f6nemli k\u00fclt\u00fcr miraslar\u0131 aras\u0131nda yer almaktad\u0131r. Tarih \u00f6ncesi d\u00f6neminin resim sanat\u0131 i\u00e7inde b\u00fcy\u00fcl\u00fc t\u00f6renleri, kad\u0131n-erkek ili\u015fkisini ve mutlulu\u011fu yans\u0131tan \u00e7izimleri olu\u015fturanlar Bat\u0131 Anadolu\u2019nun en eski resim sanat\u00e7\u0131lar\u0131d\u0131r. G\u00fcn\u00fcm\u00fcz ressamlar\u0131 da, kaya resim sanat\u00e7\u0131lar\u0131n\u0131n binlerce y\u0131ll\u0131k kaya resimlerini tablolar\u0131nda yans\u0131tarak, Latmos\u2019un ne kadar de\u011ferli bir yer oldu\u011funu dikkat \u00e7ekmeleri \u00e7ok \u00f6nemlidir. Kaya resimleri konulu de\u011ferli tablosu i\u00e7in Ay\u015fe Mesude Kumbasar\u2019a duyarl\u0131l\u0131\u011f\u0131 i\u00e7in te\u015fekk\u00fcr ederiz&#8221; ifadelerine yer verdi.<br \/><\/p>\n","protected":false},"excerpt":{"rendered":"<p>\u00d6nemli kaya resimleri ile tarih \u00f6ncesi d\u00f6nemlere ev sahipli\u011fi yapt\u0131\u011f\u0131 bilinen Latmos\u2019a dikkat \u00e7eken \u2018Latmoslu Kad\u0131n\u2019 tablosu, Ekosistemi Koruma ve Do\u011fa Sevenler Derne\u011fi\u2019ne (EKODOSD) hediye edildi. Ge\u00e7mi\u015finde bir\u00e7ok medeniyete ev sahipli\u011fi yapan ve adeta a\u00e7\u0131k hava m\u00fczesi \u00f6zelli\u011fi ta\u015f\u0131yan Ayd\u0131n, her ge\u00e7en g\u00fcn cazibesini art\u0131rmaya devam ederken, do\u011fal g\u00fczellikleri ve tarihi yap\u0131s\u0131yla dikkat \u00e7eken yerlerden&#8230;<\/p>\n","protected":false},"author":1,"featured_media":19311,"comment_status":"open","ping_status":"open","sticky":false,"template":"","format":"standard","meta":{"_crdt_document":"","footnotes":""},"categories":[1],"tags":[],"class_list":["post-19310","post","type-post","status-publish","format-standard","has-post-thumbnail","hentry","category-guncel"],"_links":{"self":[{"href":"https:\/\/www.egemtv.com\/index.php?rest_route=\/wp\/v2\/posts\/19310","targetHints":{"allow":["GET"]}}],"collection":[{"href":"https:\/\/www.egemtv.com\/index.php?rest_route=\/wp\/v2\/posts"}],"about":[{"href":"https:\/\/www.egemtv.com\/index.php?rest_route=\/wp\/v2\/types\/post"}],"author":[{"embeddable":true,"href":"https:\/\/www.egemtv.com\/index.php?rest_route=\/wp\/v2\/users\/1"}],"replies":[{"embeddable":true,"href":"https:\/\/www.egemtv.com\/index.php?rest_route=%2Fwp%2Fv2%2Fcomments&post=19310"}],"version-history":[{"count":1,"href":"https:\/\/www.egemtv.com\/index.php?rest_route=\/wp\/v2\/posts\/19310\/revisions"}],"predecessor-version":[{"id":19312,"href":"https:\/\/www.egemtv.com\/index.php?rest_route=\/wp\/v2\/posts\/19310\/revisions\/19312"}],"wp:featuredmedia":[{"embeddable":true,"href":"https:\/\/www.egemtv.com\/index.php?rest_route=\/wp\/v2\/media\/19311"}],"wp:attachment":[{"href":"https:\/\/www.egemtv.com\/index.php?rest_route=%2Fwp%2Fv2%2Fmedia&parent=19310"}],"wp:term":[{"taxonomy":"category","embeddable":true,"href":"https:\/\/www.egemtv.com\/index.php?rest_route=%2Fwp%2Fv2%2Fcategories&post=19310"},{"taxonomy":"post_tag","embeddable":true,"href":"https:\/\/www.egemtv.com\/index.php?rest_route=%2Fwp%2Fv2%2Ftags&post=19310"}],"curies":[{"name":"wp","href":"https:\/\/api.w.org\/{rel}","templated":true}]}}