{"id":19304,"date":"2025-02-16T10:19:51","date_gmt":"2025-02-16T07:19:51","guid":{"rendered":"https:\/\/www.egemtv.com\/?p=19304"},"modified":"2025-02-16T10:19:56","modified_gmt":"2025-02-16T07:19:56","slug":"karacasuda-cocuklar-tiyatroyla-eglendi","status":"publish","type":"post","link":"https:\/\/www.egemtv.com\/?p=19304","title":{"rendered":"Karacasu\u2019da \u00e7ocuklar tiyatroyla e\u011flendi"},"content":{"rendered":"<p>Karacasu Belediyesi taraf\u0131ndan d\u00fczenlenen etkinlikte &#8220;Arkada\u015f\u0131m Ben Geldim&#8221; adl\u0131 tiyatro oyunu, \u00e7ocuklarla bulu\u015ftu. E\u011fitici mesajlar\u0131nda da verildi\u011fi oyunda, \u00e7ocuklar kahkaha dolu vakit ge\u00e7irdi.<br \/>\n<br \/>\u00c7ocuklar\u0131n keyifli ve e\u011flenceli vakit ge\u00e7irmeleri amac\u0131yla Karacasu Belediyesi taraf\u0131ndan \u00e7ocuklara \u00f6zel tiyatro etkinli\u011fi d\u00fczenledi. \u00dcnl\u00fc sinema sanat\u00e7\u0131s\u0131 G\u00fclnihal Demir ve tiyatrocu Nuri Yi\u011fit\u2019in sahne ald\u0131\u011f\u0131 &#8220;Arkada\u015f\u0131m Ben Geldim&#8221; adl\u0131 m\u00fczikli \u00e7ocuk oyunu, b\u00fcy\u00fck be\u011feni toplad\u0131. \u00c7ocuklar tiyatro g\u00f6sterisini kahkahalar i\u00e7inde izledi. Karacasu Belediye Ba\u015fkan\u0131 Mustafa B\u00fcy\u00fckyap\u0131c\u0131 ise g\u00f6steriyi \u00e7ocuklarla birlikte izledi.<br \/>\n<br \/>Konu ile ilgili Karacasu Belediyesi\u2019nden yap\u0131lan a\u00e7\u0131klamada &#8220;M\u00fczikli ve dansl\u0131 \u00e7ocuk oyunu \u2019Arkada\u015f\u0131m Ben Geldim\u2019 sahnelendi. Karacasu Belediyesi olarak \u00e7ocuklar\u0131m\u0131zla unutulmaz bir tiyatro deneyimi ya\u015fad\u0131k. Belediye Ba\u015fkan\u0131m\u0131z Mustafa B\u00fcy\u00fckyap\u0131c\u0131\u2019n\u0131n hediyesi olan bu g\u00fczel etkinlikte, \u00e7ocuklar\u0131m\u0131z\u0131n ne\u015fesi ve co\u015fkusu bizleri \u00e7ok mutlu etti. Bu t\u00fcr etkinliklerde \u00e7ocuklar\u0131m\u0131z\u0131n tiyatroyu tan\u0131mas\u0131 ve sanata ilgi duymas\u0131 i\u00e7in velilerimize de b\u00fcy\u00fck g\u00f6rev d\u00fc\u015f\u00fcyor. Kat\u0131l\u0131m sa\u011flayarak \u00e7ocuklar\u0131n\u0131 sanatla bulu\u015fturan k\u0131ymetli velilerimize g\u00f6n\u00fclden te\u015fekk\u00fcr ederiz&#8221; ifadeleri yer ald\u0131.<br \/><\/p>\n","protected":false},"excerpt":{"rendered":"<p>Karacasu Belediyesi taraf\u0131ndan d\u00fczenlenen etkinlikte &#8220;Arkada\u015f\u0131m Ben Geldim&#8221; adl\u0131 tiyatro oyunu, \u00e7ocuklarla bulu\u015ftu. E\u011fitici mesajlar\u0131nda da verildi\u011fi oyunda, \u00e7ocuklar kahkaha dolu vakit ge\u00e7irdi. \u00c7ocuklar\u0131n keyifli ve e\u011flenceli vakit ge\u00e7irmeleri amac\u0131yla Karacasu Belediyesi taraf\u0131ndan \u00e7ocuklara \u00f6zel tiyatro etkinli\u011fi d\u00fczenledi. \u00dcnl\u00fc sinema sanat\u00e7\u0131s\u0131 G\u00fclnihal Demir ve tiyatrocu Nuri Yi\u011fit\u2019in sahne ald\u0131\u011f\u0131 &#8220;Arkada\u015f\u0131m Ben Geldim&#8221; adl\u0131 m\u00fczikli \u00e7ocuk&#8230;<\/p>\n","protected":false},"author":1,"featured_media":19305,"comment_status":"open","ping_status":"open","sticky":false,"template":"","format":"standard","meta":{"_crdt_document":"","footnotes":""},"categories":[1],"tags":[],"class_list":["post-19304","post","type-post","status-publish","format-standard","has-post-thumbnail","hentry","category-guncel"],"_links":{"self":[{"href":"https:\/\/www.egemtv.com\/index.php?rest_route=\/wp\/v2\/posts\/19304","targetHints":{"allow":["GET"]}}],"collection":[{"href":"https:\/\/www.egemtv.com\/index.php?rest_route=\/wp\/v2\/posts"}],"about":[{"href":"https:\/\/www.egemtv.com\/index.php?rest_route=\/wp\/v2\/types\/post"}],"author":[{"embeddable":true,"href":"https:\/\/www.egemtv.com\/index.php?rest_route=\/wp\/v2\/users\/1"}],"replies":[{"embeddable":true,"href":"https:\/\/www.egemtv.com\/index.php?rest_route=%2Fwp%2Fv2%2Fcomments&post=19304"}],"version-history":[{"count":1,"href":"https:\/\/www.egemtv.com\/index.php?rest_route=\/wp\/v2\/posts\/19304\/revisions"}],"predecessor-version":[{"id":19306,"href":"https:\/\/www.egemtv.com\/index.php?rest_route=\/wp\/v2\/posts\/19304\/revisions\/19306"}],"wp:featuredmedia":[{"embeddable":true,"href":"https:\/\/www.egemtv.com\/index.php?rest_route=\/wp\/v2\/media\/19305"}],"wp:attachment":[{"href":"https:\/\/www.egemtv.com\/index.php?rest_route=%2Fwp%2Fv2%2Fmedia&parent=19304"}],"wp:term":[{"taxonomy":"category","embeddable":true,"href":"https:\/\/www.egemtv.com\/index.php?rest_route=%2Fwp%2Fv2%2Fcategories&post=19304"},{"taxonomy":"post_tag","embeddable":true,"href":"https:\/\/www.egemtv.com\/index.php?rest_route=%2Fwp%2Fv2%2Ftags&post=19304"}],"curies":[{"name":"wp","href":"https:\/\/api.w.org\/{rel}","templated":true}]}}