{"id":19301,"date":"2025-02-16T10:13:58","date_gmt":"2025-02-16T07:13:58","guid":{"rendered":"https:\/\/www.egemtv.com\/?p=19301"},"modified":"2025-02-16T10:14:04","modified_gmt":"2025-02-16T07:14:04","slug":"nasil-bir-izmir-serisinde-son-panel-izmirde-birlikte-yasamak-oldu","status":"publish","type":"post","link":"https:\/\/www.egemtv.com\/?p=19301","title":{"rendered":"\u2018Nas\u0131l bir \u0130zmir\u2019 serisinde son panel \u2018\u0130zmir\u2019de Birlikte Ya\u015famak\u2019 oldu"},"content":{"rendered":"<p>\u0130zmir B\u00fcy\u00fck\u015fehir Belediyesi \u0130zmir Planlama Ajans\u0131 (\u0130ZPA) taraf\u0131ndan \u015fehrin uzun vadeli vizyonunu ve stratejilerini \u015fekillendirmek \u00fczere haz\u0131rlanan \u0130zmir Vizyon 2074 \u00c7er\u00e7eve Belgesi \u00e7al\u0131\u015fmalar\u0131 kapsam\u0131ndaki \u2018Nas\u0131l Bir \u0130zmir\u2019 serisinin sekizinci ve son paneli, \u2018\u0130zmir\u2019de Birlikte Ya\u015famak\u2019 ba\u015fl\u0131\u011f\u0131 ile ger\u00e7ekle\u015fti.<br \/>\n<br \/>\u0130zmir B\u00fcy\u00fck\u015fehir Belediyesi \u0130zmir Planlama Ajans\u0131 (\u0130ZPA) taraf\u0131ndan \u015fehrin uzun vadeli vizyonunu ve stratejilerini \u015fekillendirmek \u00fczere haz\u0131rlanan \u0130zmir Vizyon 2074 \u00c7er\u00e7eve Belgesi i\u00e7in \u2018Nas\u0131l Bir \u0130zmir\u2019 panel serisi sona erdi. Toplam sekiz panel ve sekiz at\u00f6lye \u00e7al\u0131\u015fmas\u0131ndan olu\u015fan ve Do\u00e7. Dr. Murad Tiryakio\u011flu moderat\u00f6rl\u00fc\u011f\u00fcnde d\u00fczenlenen \u2018Nas\u0131l Bir \u0130zmir\u2019 serisinin son paneli \u0130zQ \u0130novasyon Merkezi\u2019nde ger\u00e7ekle\u015fti.<\/p>\n<p>&#8220;Dezavantaj\u0131 olu\u015fturan sorunlar \u00e7\u00f6z\u00fclmeli&#8221;<br \/>\n<br \/>\u2018\u0130zmir\u2019de Birlikte Ya\u015famak\u2019 ba\u015fl\u0131kl\u0131 panelin ilk konu\u015fmac\u0131s\u0131 Prof. Dr. P\u0131nar Uyan Semerci oldu. Uyan Semerci, kapsay\u0131c\u0131l\u0131k, \u00f6tekiler, kesi\u015fimsellik gibi kavramlar \u00fczerinde dururken, &#8220;Birlikte ya\u015famayaca\u011f\u0131m\u0131z bir toplum hayal ediyorsak, herkesin dezavantaj\u0131n\u0131 masan\u0131n \u00fczerine getirmeliyiz ki bu dezavantajlar\u0131 olu\u015fturan sorunlar\u0131 \u00e7\u00f6zebilelim&#8221; \u015feklinde konu\u015ftu.<\/p>\n<p>&#8220;Merkezi y\u00f6netim ve yerel y\u00f6netimin ortak g\u00f6\u00e7 politikas\u0131 olmal\u0131&#8221;<br \/>\n<br \/>Semerci\u2019nin ard\u0131ndan s\u00f6z alan Prof. Dr. Deniz Y\u00fckseker ise \u0130zmir\u2019in farkl\u0131 d\u00f6nemlerde \u00e7ok \u00e7e\u015fitli kesimlerden g\u00f6\u00e7 alan bir kent oldu\u011funa i\u015faret ederken, bug\u00fcn \u0130zmir n\u00fcfusunun y\u00fczde 3,4\u2019\u00fcn\u00fc g\u00f6\u00e7men ve m\u00fcltecilerin olu\u015fturdu\u011funu belirtti. Merkezi y\u00f6netimin ve yerel y\u00f6netimlerin ortak g\u00f6\u00e7 politikas\u0131 y\u00f6netimine sahip olmas\u0131 gerekti\u011fini vurgulayan Y\u00fckseker, s\u00f6zlerini \u015f\u00f6yle s\u00fcrd\u00fcrd\u00fc:<br \/>\n<br \/>&#8220;Belediyelerin maddi kaynaklar\u0131 yetersiz. Belediyelerin hizmet vermek zorunda olduklar\u0131 n\u00fcfus-b\u00fct\u00e7e hesab\u0131nda Suriyelilerin hesaba kat\u0131lmamas\u0131 b\u00fcy\u00fck sorun. \u00d6zellikle Gaziantep gibi g\u00f6\u00e7men n\u00fcfusun y\u00fcksek oranda oldu\u011fu yerlerde bu daha ciddi bir sorun. G\u00f6\u00e7menlere ve m\u00fcltecilere y\u00f6nelik politikalar, kapsay\u0131c\u0131l\u0131\u011f\u0131 ve yerindenli\u011fi esas almal\u0131, hak temelli olmal\u0131 ve sosyal temas\u0131 art\u0131rmay\u0131 hedeflemeli. \u0130zmir B\u00fcy\u00fck\u015fehir Belediyesi Kentsel Adalet ve E\u015fitlik \u015eube M\u00fcd\u00fcrl\u00fc\u011f\u00fc bu \u00e7al\u0131\u015fmalara y\u00f6nelik olu\u015fturulmas\u0131 gereken kurumlara iyi bir \u00f6rnek.&#8221;<\/p>\n<p>&#8220;Birlikte ya\u015faman\u0131n faydalar\u0131n\u0131 g\u00f6r\u00fcn\u00fcr k\u0131lmal\u0131y\u0131z&#8221;<br \/>\n<br \/>Panelin son konu\u015fmac\u0131s\u0131 olan Prof. Dr. Ayselin Y\u0131ld\u0131z, \u0130zmir\u2019de g\u00f6\u00e7menler ile yerlilerin temas alanlar\u0131n\u0131n s\u0131n\u0131rl\u0131 oldu\u011funu ve kar\u015f\u0131tl\u0131\u011f\u0131n, temas yoksunlu\u011fu ve bunun sonucunda birbirini tan\u0131mama durumundan kaynakland\u0131\u011f\u0131n\u0131 ifade etti. Y\u0131ld\u0131z, &#8220;G\u00f6\u00e7menlerin, di\u011ferlerinin temel hak ve \u00f6zg\u00fcrl\u00fcklerden mahrum b\u0131rak\u0131lmas\u0131n\u0131n yerli halk taraf\u0131ndan \u2018me\u015fru g\u00f6r\u00fclmeye\u2019 ba\u015flanmas\u0131 \u00f6nemli bir sorun. Birbirinin hassasiyetlerini g\u00f6zeten, birbirini tehdit g\u00f6rmeyen, \u00f6tekile\u015ftirmeyen bireyler olabilmeliyiz. Birlikte ya\u015fam\u0131n faydalar\u0131n\u0131 g\u00f6r\u00fcn\u00fcr k\u0131lmal\u0131y\u0131z&#8221; diye konu\u015ftu.<br \/>\n<br \/>Panel, konu\u015fmalar\u0131n ard\u0131ndan soru-cevap b\u00f6l\u00fcm\u00fc ile sona erdi.<br \/><\/p>\n","protected":false},"excerpt":{"rendered":"<p>\u0130zmir B\u00fcy\u00fck\u015fehir Belediyesi \u0130zmir Planlama Ajans\u0131 (\u0130ZPA) taraf\u0131ndan \u015fehrin uzun vadeli vizyonunu ve stratejilerini \u015fekillendirmek \u00fczere haz\u0131rlanan \u0130zmir Vizyon 2074 \u00c7er\u00e7eve Belgesi \u00e7al\u0131\u015fmalar\u0131 kapsam\u0131ndaki \u2018Nas\u0131l Bir \u0130zmir\u2019 serisinin sekizinci ve son paneli, \u2018\u0130zmir\u2019de Birlikte Ya\u015famak\u2019 ba\u015fl\u0131\u011f\u0131 ile ger\u00e7ekle\u015fti. \u0130zmir B\u00fcy\u00fck\u015fehir Belediyesi \u0130zmir Planlama Ajans\u0131 (\u0130ZPA) taraf\u0131ndan \u015fehrin uzun vadeli vizyonunu ve stratejilerini \u015fekillendirmek \u00fczere haz\u0131rlanan&#8230;<\/p>\n","protected":false},"author":1,"featured_media":19302,"comment_status":"open","ping_status":"open","sticky":false,"template":"","format":"standard","meta":{"_crdt_document":"","footnotes":""},"categories":[1],"tags":[],"class_list":["post-19301","post","type-post","status-publish","format-standard","has-post-thumbnail","hentry","category-guncel"],"_links":{"self":[{"href":"https:\/\/www.egemtv.com\/index.php?rest_route=\/wp\/v2\/posts\/19301","targetHints":{"allow":["GET"]}}],"collection":[{"href":"https:\/\/www.egemtv.com\/index.php?rest_route=\/wp\/v2\/posts"}],"about":[{"href":"https:\/\/www.egemtv.com\/index.php?rest_route=\/wp\/v2\/types\/post"}],"author":[{"embeddable":true,"href":"https:\/\/www.egemtv.com\/index.php?rest_route=\/wp\/v2\/users\/1"}],"replies":[{"embeddable":true,"href":"https:\/\/www.egemtv.com\/index.php?rest_route=%2Fwp%2Fv2%2Fcomments&post=19301"}],"version-history":[{"count":1,"href":"https:\/\/www.egemtv.com\/index.php?rest_route=\/wp\/v2\/posts\/19301\/revisions"}],"predecessor-version":[{"id":19303,"href":"https:\/\/www.egemtv.com\/index.php?rest_route=\/wp\/v2\/posts\/19301\/revisions\/19303"}],"wp:featuredmedia":[{"embeddable":true,"href":"https:\/\/www.egemtv.com\/index.php?rest_route=\/wp\/v2\/media\/19302"}],"wp:attachment":[{"href":"https:\/\/www.egemtv.com\/index.php?rest_route=%2Fwp%2Fv2%2Fmedia&parent=19301"}],"wp:term":[{"taxonomy":"category","embeddable":true,"href":"https:\/\/www.egemtv.com\/index.php?rest_route=%2Fwp%2Fv2%2Fcategories&post=19301"},{"taxonomy":"post_tag","embeddable":true,"href":"https:\/\/www.egemtv.com\/index.php?rest_route=%2Fwp%2Fv2%2Ftags&post=19301"}],"curies":[{"name":"wp","href":"https:\/\/api.w.org\/{rel}","templated":true}]}}