{"id":19298,"date":"2025-02-16T09:57:34","date_gmt":"2025-02-16T06:57:34","guid":{"rendered":"https:\/\/www.egemtv.com\/?p=19298"},"modified":"2025-02-16T09:57:40","modified_gmt":"2025-02-16T06:57:40","slug":"koycegizde-sehit-seyhan-yilmaz-dualarla-anildi","status":"publish","type":"post","link":"https:\/\/www.egemtv.com\/?p=19298","title":{"rendered":"K\u00f6yce\u011fiz\u2019de \u015eehit Seyhan Y\u0131lmaz dualarla an\u0131ld\u0131"},"content":{"rendered":"<p>Mu\u011fla\u2019n\u0131n K\u00f6yce\u011fiz il\u00e7esinde \u015eehit Seyhan Y\u0131lmaz i\u00e7in Beyobas\u0131 Mahallesi\u2019nde lokma hayr\u0131 ger\u00e7ekle\u015ftirildi.<\/p>\n<p>Din G\u00f6revlileri Sunay Keskin ile Ercan Pakur\u2019un Kur\u2019an-\u0131 Kerim tilavetleri akabinde K\u00f6yce\u011fiz \u0130l\u00e7e M\u00fcft\u00fcs\u00fc Ahmet Karag\u00f6z\u2019\u00fcn ba\u015fta Beyobal\u0131 \u015eehit Seyhan Y\u0131lmaz olmak \u00fczere t\u00fcm \u015fehitler ve gaziler i\u00e7in yapt\u0131\u011f\u0131 dua ve lokma ikram\u0131 ile program sona erdi. \u015eubat ay\u0131 &#8220;\u015eehit, \u015eahit, \u015eehadet&#8221; etkinli\u011fi kapsam\u0131nda, sene-i devriyesinde \u015eehit Seyhan Y\u0131lmaz i\u00e7in Beyobas\u0131 Mahallesi\u2019nde d\u00fczenlenen lokma hayr\u0131na \u015fehidin yak\u0131nlar\u0131, K\u00f6yce\u011fiz \u0130l\u00e7e M\u00fcft\u00fcs\u00fc Ahmet Karag\u00f6z, K\u00f6yce\u011fiz \u0130l\u00e7e Milli E\u011fitim M\u00fcd\u00fcr\u00fc Kerem Karahan, Beyobas\u0131 Mahallesi Muhtar\u0131 Nadi S\u00fcl, \u015fehidin ad\u0131n\u0131n verildi\u011fi okulun idareci ve \u00f6\u011fretmenleri ile vatanda\u015flar kat\u0131ld\u0131.<br \/><\/p>\n","protected":false},"excerpt":{"rendered":"<p>Mu\u011fla\u2019n\u0131n K\u00f6yce\u011fiz il\u00e7esinde \u015eehit Seyhan Y\u0131lmaz i\u00e7in Beyobas\u0131 Mahallesi\u2019nde lokma hayr\u0131 ger\u00e7ekle\u015ftirildi. Din G\u00f6revlileri Sunay Keskin ile Ercan Pakur\u2019un Kur\u2019an-\u0131 Kerim tilavetleri akabinde K\u00f6yce\u011fiz \u0130l\u00e7e M\u00fcft\u00fcs\u00fc Ahmet Karag\u00f6z\u2019\u00fcn ba\u015fta Beyobal\u0131 \u015eehit Seyhan Y\u0131lmaz olmak \u00fczere t\u00fcm \u015fehitler ve gaziler i\u00e7in yapt\u0131\u011f\u0131 dua ve lokma ikram\u0131 ile program sona erdi. \u015eubat ay\u0131 &#8220;\u015eehit, \u015eahit, \u015eehadet&#8221; etkinli\u011fi&#8230;<\/p>\n","protected":false},"author":1,"featured_media":19299,"comment_status":"open","ping_status":"open","sticky":false,"template":"","format":"standard","meta":{"_crdt_document":"","footnotes":""},"categories":[1],"tags":[],"class_list":["post-19298","post","type-post","status-publish","format-standard","has-post-thumbnail","hentry","category-guncel"],"_links":{"self":[{"href":"https:\/\/www.egemtv.com\/index.php?rest_route=\/wp\/v2\/posts\/19298","targetHints":{"allow":["GET"]}}],"collection":[{"href":"https:\/\/www.egemtv.com\/index.php?rest_route=\/wp\/v2\/posts"}],"about":[{"href":"https:\/\/www.egemtv.com\/index.php?rest_route=\/wp\/v2\/types\/post"}],"author":[{"embeddable":true,"href":"https:\/\/www.egemtv.com\/index.php?rest_route=\/wp\/v2\/users\/1"}],"replies":[{"embeddable":true,"href":"https:\/\/www.egemtv.com\/index.php?rest_route=%2Fwp%2Fv2%2Fcomments&post=19298"}],"version-history":[{"count":1,"href":"https:\/\/www.egemtv.com\/index.php?rest_route=\/wp\/v2\/posts\/19298\/revisions"}],"predecessor-version":[{"id":19300,"href":"https:\/\/www.egemtv.com\/index.php?rest_route=\/wp\/v2\/posts\/19298\/revisions\/19300"}],"wp:featuredmedia":[{"embeddable":true,"href":"https:\/\/www.egemtv.com\/index.php?rest_route=\/wp\/v2\/media\/19299"}],"wp:attachment":[{"href":"https:\/\/www.egemtv.com\/index.php?rest_route=%2Fwp%2Fv2%2Fmedia&parent=19298"}],"wp:term":[{"taxonomy":"category","embeddable":true,"href":"https:\/\/www.egemtv.com\/index.php?rest_route=%2Fwp%2Fv2%2Fcategories&post=19298"},{"taxonomy":"post_tag","embeddable":true,"href":"https:\/\/www.egemtv.com\/index.php?rest_route=%2Fwp%2Fv2%2Ftags&post=19298"}],"curies":[{"name":"wp","href":"https:\/\/api.w.org\/{rel}","templated":true}]}}