{"id":19295,"date":"2025-02-16T09:52:55","date_gmt":"2025-02-16T06:52:55","guid":{"rendered":"https:\/\/www.egemtv.com\/?p=19295"},"modified":"2025-02-16T09:53:00","modified_gmt":"2025-02-16T06:53:00","slug":"honaz-belediyesi-borcunun-olmayisini-belediye-binasina-astigi-pankartla-duyurdu","status":"publish","type":"post","link":"https:\/\/www.egemtv.com\/?p=19295","title":{"rendered":"Honaz Belediyesi borcunun olmay\u0131\u015f\u0131n\u0131 belediye binas\u0131na ast\u0131\u011f\u0131 pankartla duyurdu"},"content":{"rendered":"<p>Honaz Belediye Ba\u015fkan\u0131 Y\u00fcksel Kepenek, belediyenin mali durumuna ili\u015fkin tabloyu pankart haz\u0131rlatarak belediye binas\u0131na ast\u0131. Belediyenin mali durumunu vatanda\u015flarla payla\u015fan Honaz Belediye Ba\u015fkan\u0131 Y\u00fcksel Kepenek, &#8220;Vatanda\u015flar\u0131m\u0131z\u0131n zor \u015fartlarda bizlere \u00f6dedi\u011fi her bir kuru\u015fun nereye ve nas\u0131l harcand\u0131\u011f\u0131n\u0131 bilmeleri gerekiyor&#8221; dedi.<br \/>\n<br \/>Honaz Belediye Ba\u015fkan\u0131 Y\u00fcksel Kepenek, belediyenin anl\u0131k mali durum tablosunu pankart yapt\u0131rarak belediyeye ast\u0131. As\u0131lan tabloda 26 milyon 954 bin 217 TL bankalarda birikmi\u015f paras\u0131 olan Honaz Belediyesinin sadece firmalara 6 milyon 407 bin 586 TL\u2019den ba\u015fka borcunun olmas\u0131 dikkat \u00e7ekti. Belediyenin alacak kaleminde ise 11 milyon 537 bin liral\u0131k alacak yer ald\u0131. Belediyenin mali durumunu geleneksel her y\u0131lsonunda vatanda\u015flarla payla\u015fan Honaz Belediye Ba\u015fkan\u0131 Kepenek mali tabloyla ilgili yapt\u0131\u011f\u0131 a\u00e7\u0131klamada, &#8220;\u0130lk g\u00f6reve geldi\u011fimiz 2019 y\u0131l\u0131ndan bu yana  geleneksel olarak mali tablomuzu halk\u0131m\u0131zla payla\u015f\u0131yoruz. Ast\u0131\u011f\u0131m\u0131z bu tablodan da anla\u015f\u0131laca\u011f\u0131 belediyemizin hi\u00e7bir borcu yok. Hatta birikmi\u015f bir miktar param\u0131zda var. Yat\u0131r\u0131mlar\u0131m\u0131z devam ediyor ve etmeye de devam edecek. Yat\u0131r\u0131mlar\u0131m\u0131z\u0131n h\u0131z kesmeden devam edebilmesi i\u00e7in tasarruf etmek zorundayd\u0131k. Vatanda\u015flar\u0131m\u0131z\u0131n zor \u015fartlarda \u00f6dedi\u011fi her bir kuru\u015f verginin nerelere nas\u0131l harcand\u0131\u011f\u0131n\u0131 ve bunlar\u0131n nas\u0131l halka hizmet olarak geri d\u00f6nd\u00fc\u011f\u00fcn\u00fc a\u00e7\u0131klamaktan gurur duyuyorum. \u00c7\u00fcnk\u00fc sosyal demokrat bir belediyecilik anlay\u0131\u015f\u0131n\u0131n temelinde \u015feffaf, hesap verebilir bir y\u00f6netim anlay\u0131\u015f\u0131 yat\u0131yor. 6 y\u0131ld\u0131r bunu mali tabloyu as\u0131yor olman\u0131n huzurunu ya\u015f\u0131yoruz. \u00d6n\u00fcm\u00fczdeki y\u0131llarda da bu tabloyu asmaya devam edece\u011fiz&#8221; ifadelerini kulland\u0131.<br \/><\/p>\n","protected":false},"excerpt":{"rendered":"<p>Honaz Belediye Ba\u015fkan\u0131 Y\u00fcksel Kepenek, belediyenin mali durumuna ili\u015fkin tabloyu pankart haz\u0131rlatarak belediye binas\u0131na ast\u0131. Belediyenin mali durumunu vatanda\u015flarla payla\u015fan Honaz Belediye Ba\u015fkan\u0131 Y\u00fcksel Kepenek, &#8220;Vatanda\u015flar\u0131m\u0131z\u0131n zor \u015fartlarda bizlere \u00f6dedi\u011fi her bir kuru\u015fun nereye ve nas\u0131l harcand\u0131\u011f\u0131n\u0131 bilmeleri gerekiyor&#8221; dedi. Honaz Belediye Ba\u015fkan\u0131 Y\u00fcksel Kepenek, belediyenin anl\u0131k mali durum tablosunu pankart yapt\u0131rarak belediyeye ast\u0131. As\u0131lan&#8230;<\/p>\n","protected":false},"author":1,"featured_media":19296,"comment_status":"open","ping_status":"open","sticky":false,"template":"","format":"standard","meta":{"_crdt_document":"","footnotes":""},"categories":[127],"tags":[],"class_list":["post-19295","post","type-post","status-publish","format-standard","has-post-thumbnail","hentry","category-siyaset"],"_links":{"self":[{"href":"https:\/\/www.egemtv.com\/index.php?rest_route=\/wp\/v2\/posts\/19295","targetHints":{"allow":["GET"]}}],"collection":[{"href":"https:\/\/www.egemtv.com\/index.php?rest_route=\/wp\/v2\/posts"}],"about":[{"href":"https:\/\/www.egemtv.com\/index.php?rest_route=\/wp\/v2\/types\/post"}],"author":[{"embeddable":true,"href":"https:\/\/www.egemtv.com\/index.php?rest_route=\/wp\/v2\/users\/1"}],"replies":[{"embeddable":true,"href":"https:\/\/www.egemtv.com\/index.php?rest_route=%2Fwp%2Fv2%2Fcomments&post=19295"}],"version-history":[{"count":1,"href":"https:\/\/www.egemtv.com\/index.php?rest_route=\/wp\/v2\/posts\/19295\/revisions"}],"predecessor-version":[{"id":19297,"href":"https:\/\/www.egemtv.com\/index.php?rest_route=\/wp\/v2\/posts\/19295\/revisions\/19297"}],"wp:featuredmedia":[{"embeddable":true,"href":"https:\/\/www.egemtv.com\/index.php?rest_route=\/wp\/v2\/media\/19296"}],"wp:attachment":[{"href":"https:\/\/www.egemtv.com\/index.php?rest_route=%2Fwp%2Fv2%2Fmedia&parent=19295"}],"wp:term":[{"taxonomy":"category","embeddable":true,"href":"https:\/\/www.egemtv.com\/index.php?rest_route=%2Fwp%2Fv2%2Fcategories&post=19295"},{"taxonomy":"post_tag","embeddable":true,"href":"https:\/\/www.egemtv.com\/index.php?rest_route=%2Fwp%2Fv2%2Ftags&post=19295"}],"curies":[{"name":"wp","href":"https:\/\/api.w.org\/{rel}","templated":true}]}}