{"id":19292,"date":"2025-02-16T01:56:43","date_gmt":"2025-02-15T22:56:43","guid":{"rendered":"https:\/\/www.egemtv.com\/?p=19292"},"modified":"2025-02-16T01:56:49","modified_gmt":"2025-02-15T22:56:49","slug":"aydinlatma-diregine-carpip-takla-atti-4-yarali","status":"publish","type":"post","link":"https:\/\/www.egemtv.com\/?p=19292","title":{"rendered":"Ayd\u0131nlatma dire\u011fine \u00e7arp\u0131p takla att\u0131: 4 yaral\u0131"},"content":{"rendered":"<p>Ayd\u0131n\u2019\u0131n Efeler il\u00e7esinde s\u00fcr\u00fcc\u00fcs\u00fcn\u00fcn direksiyon hakimiyetini kaybetti\u011fi otomobil, orta ref\u00fcjdeki ayd\u0131nlatma dire\u011fine \u00e7arparak takla att\u0131. Park halindeki bir araca \u00e7arparak duran otomobilde bulunan 4 ki\u015fi yaraland\u0131.<br \/>\n<br \/>Kaza, Me\u015frutiyet Mahallesi Atat\u00fcrk Bulvar\u0131 \u00fczerinde saat 00.30 s\u0131ralar\u0131nda meydana geldi. Edinilen bilgiye g\u00f6re, M.Y. (18) idaresindeki 34 AOV 87 plakal\u0131 otomobil s\u00fcr\u00fcc\u00fcs\u00fcn\u00fcn direksiyon hakimiyetini kaybetmesi sonucu orta ref\u00fcjdeki ayd\u0131nlatma dire\u011fine \u00e7arpt\u0131. \u00c7arpman\u0131n etkisi ile takla atan otomobil park halinde bulunan 42 FHH 59 plakal\u0131 araca \u00e7arparak durdu. Kazada, otomobilde bulunan s\u00fcr\u00fcc\u00fc M.Y. (18) ile yolcu konumundaki B.M. (18), S.\u00c7. (18) ve B.K.K. (18) yaraland\u0131. Kazay\u0131 g\u00f6renler durumu 112 Acil \u00c7a\u011fr\u0131 Merkezi\u2019ne bildirdi. \u0130hbar \u00fczerine b\u00f6lgeye sa\u011fl\u0131k, itfaiye ve polis ekipleri sevk edildi. K\u0131sa s\u00fcrede olay yerine gelen Ayd\u0131n B\u00fcy\u00fck\u015fehir Belediyesi \u0130tfaiye Daire Ba\u015fkanl\u0131\u011f\u0131 ekipleri yaral\u0131lar\u0131 otomobil i\u00e7erisinden \u00e7\u0131kartarak sa\u011fl\u0131k ekiplerine teslim etti. Sa\u011fl\u0131k ekipleri taraf\u0131ndan da ilk m\u00fcdahaleleri yap\u0131lan yaral\u0131lar ambulanslarla hastaneye kald\u0131rd\u0131. Hastanede tedavi alt\u0131na al\u0131nan yaral\u0131lar\u0131n durumlar\u0131n\u0131n iyi oldu\u011fu \u00f6\u011frenildi. Kaza nedeniyle trafi\u011fe kapanan yol, takla atan otomobilin \u00e7ekici marifeti ile olay yerinden kald\u0131r\u0131lmas\u0131 ile tekrar normale d\u00f6nerken ilgili ekipler de zarar g\u00f6ren ayd\u0131nlatma dire\u011fi ile ilgili \u00e7al\u0131\u015fma ba\u015flatt\u0131.<br \/>\n<br \/>Olayla ilgili soru\u015fturma s\u00fcr\u00fcyor.<br \/><\/p>\n","protected":false},"excerpt":{"rendered":"<p>Ayd\u0131n\u2019\u0131n Efeler il\u00e7esinde s\u00fcr\u00fcc\u00fcs\u00fcn\u00fcn direksiyon hakimiyetini kaybetti\u011fi otomobil, orta ref\u00fcjdeki ayd\u0131nlatma dire\u011fine \u00e7arparak takla att\u0131. Park halindeki bir araca \u00e7arparak duran otomobilde bulunan 4 ki\u015fi yaraland\u0131. Kaza, Me\u015frutiyet Mahallesi Atat\u00fcrk Bulvar\u0131 \u00fczerinde saat 00.30 s\u0131ralar\u0131nda meydana geldi. Edinilen bilgiye g\u00f6re, M.Y. (18) idaresindeki 34 AOV 87 plakal\u0131 otomobil s\u00fcr\u00fcc\u00fcs\u00fcn\u00fcn direksiyon hakimiyetini kaybetmesi sonucu orta ref\u00fcjdeki&#8230;<\/p>\n","protected":false},"author":1,"featured_media":19293,"comment_status":"open","ping_status":"open","sticky":false,"template":"","format":"standard","meta":{"_crdt_document":"","footnotes":""},"categories":[5],"tags":[],"class_list":["post-19292","post","type-post","status-publish","format-standard","has-post-thumbnail","hentry","category-asayis"],"_links":{"self":[{"href":"https:\/\/www.egemtv.com\/index.php?rest_route=\/wp\/v2\/posts\/19292","targetHints":{"allow":["GET"]}}],"collection":[{"href":"https:\/\/www.egemtv.com\/index.php?rest_route=\/wp\/v2\/posts"}],"about":[{"href":"https:\/\/www.egemtv.com\/index.php?rest_route=\/wp\/v2\/types\/post"}],"author":[{"embeddable":true,"href":"https:\/\/www.egemtv.com\/index.php?rest_route=\/wp\/v2\/users\/1"}],"replies":[{"embeddable":true,"href":"https:\/\/www.egemtv.com\/index.php?rest_route=%2Fwp%2Fv2%2Fcomments&post=19292"}],"version-history":[{"count":1,"href":"https:\/\/www.egemtv.com\/index.php?rest_route=\/wp\/v2\/posts\/19292\/revisions"}],"predecessor-version":[{"id":19294,"href":"https:\/\/www.egemtv.com\/index.php?rest_route=\/wp\/v2\/posts\/19292\/revisions\/19294"}],"wp:featuredmedia":[{"embeddable":true,"href":"https:\/\/www.egemtv.com\/index.php?rest_route=\/wp\/v2\/media\/19293"}],"wp:attachment":[{"href":"https:\/\/www.egemtv.com\/index.php?rest_route=%2Fwp%2Fv2%2Fmedia&parent=19292"}],"wp:term":[{"taxonomy":"category","embeddable":true,"href":"https:\/\/www.egemtv.com\/index.php?rest_route=%2Fwp%2Fv2%2Fcategories&post=19292"},{"taxonomy":"post_tag","embeddable":true,"href":"https:\/\/www.egemtv.com\/index.php?rest_route=%2Fwp%2Fv2%2Ftags&post=19292"}],"curies":[{"name":"wp","href":"https:\/\/api.w.org\/{rel}","templated":true}]}}