{"id":19289,"date":"2025-02-16T00:12:40","date_gmt":"2025-02-15T21:12:40","guid":{"rendered":"https:\/\/www.egemtv.com\/?p=19289"},"modified":"2025-02-16T00:12:48","modified_gmt":"2025-02-15T21:12:48","slug":"akaryakit-istasyonunda-silahli-catisma-1-olu","status":"publish","type":"post","link":"https:\/\/www.egemtv.com\/?p=19289","title":{"rendered":"Akaryak\u0131t istasyonunda silahl\u0131 \u00e7at\u0131\u015fma: 1 \u00f6l\u00fc"},"content":{"rendered":"<p>Afyonkarahisar\u2019da akaryak\u0131t istasyonunda ya\u015fanan silahl\u0131 \u00e7at\u0131\u015fmada a\u011f\u0131r yaralanarak hastaneye kald\u0131r\u0131lan bir ki\u015fi hayat\u0131n\u0131 kaybetti.<br \/>\n<br \/>Olay, Sand\u0131kl\u0131 il\u00e7esi \u00e7\u0131k\u0131\u015f\u0131ndaki bir akaryak\u0131t istasyonunda meydana geldi. Edinilen bilgilere g\u00f6re, akaryak\u0131t istasyonunda yerde bir \u015fahs\u0131n hareketsiz \u015fekilde yatt\u0131\u011f\u0131n\u0131 g\u00f6ren vatanda\u015flar, durumu 112 Acil \u00c7a\u011fr\u0131 Merkezi\u2019ne bildirerek yard\u0131m istedi. \u0130hbar \u00fczerine b\u00f6lgeye polis ve sa\u011fl\u0131k ekipleri sevk edildi. Yerde yatan ve silahla vuruldu\u011fu tespit edilen \u015fah\u0131s ambulansta Sand\u0131kl\u0131 Devlet Hastanesine kald\u0131r\u0131ld\u0131. Ancak isminin \u00d6mer \u00c7etinkaya oldu\u011fu tespit edilen \u015fah\u0131s, yap\u0131lan m\u00fcdahaleye ra\u011fmen kurtar\u0131lamayarak hayat\u0131n\u0131 kaybetti.<br \/>\n<br \/>Yap\u0131lan incelemelerde, A.A. isimli \u015fah\u0131s ve yan\u0131nda 2 erkek \u015fahs\u0131n \u00c7etinkaya ile tart\u0131\u015ft\u0131\u011f\u0131 \u015fah\u0131slar\u0131n daha sonra olay yerinden uzakla\u015ft\u0131klar\u0131 belirtildi.<\/p>\n<p>\u00c7at\u0131\u015fmadan sonra \u015fah\u0131slar olay yerinden ara\u00e7la ka\u00e7t\u0131<br \/>\n<br \/>Ancak \u015fah\u0131slar\u0131n daha sonra olay yerine tekrar geri geldi\u011fi ve \u00c7etinkaya\u2019n\u0131n \u015fah\u0131slar\u0131n araca ate\u015f a\u00e7t\u0131\u011f\u0131 iddia edildi. Bunun \u00fczerine ara\u00e7tan inen A.A.\u2019n\u0131n ise belinden \u00e7\u0131kard\u0131\u011f\u0131 tabanca ile \u00c7etinkaya\u2019ya 3 el ate\u015f ederek yan\u0131ndaki \u015fah\u0131slarla plakas\u0131 bilinmeyen bir ara\u00e7la olay yerinden ka\u00e7t\u0131klar\u0131 belirtildi.<br \/>\n<br \/>Olay sonras\u0131 ka\u00e7an \u015fah\u0131slar\u0131n yakalanmas\u0131 i\u00e7in \u00e7al\u0131\u015fma ba\u015flat\u0131ld\u0131.<br \/><\/p>\n","protected":false},"excerpt":{"rendered":"<p>Afyonkarahisar\u2019da akaryak\u0131t istasyonunda ya\u015fanan silahl\u0131 \u00e7at\u0131\u015fmada a\u011f\u0131r yaralanarak hastaneye kald\u0131r\u0131lan bir ki\u015fi hayat\u0131n\u0131 kaybetti. Olay, Sand\u0131kl\u0131 il\u00e7esi \u00e7\u0131k\u0131\u015f\u0131ndaki bir akaryak\u0131t istasyonunda meydana geldi. Edinilen bilgilere g\u00f6re, akaryak\u0131t istasyonunda yerde bir \u015fahs\u0131n hareketsiz \u015fekilde yatt\u0131\u011f\u0131n\u0131 g\u00f6ren vatanda\u015flar, durumu 112 Acil \u00c7a\u011fr\u0131 Merkezi\u2019ne bildirerek yard\u0131m istedi. \u0130hbar \u00fczerine b\u00f6lgeye polis ve sa\u011fl\u0131k ekipleri sevk edildi. Yerde yatan&#8230;<\/p>\n","protected":false},"author":1,"featured_media":19290,"comment_status":"open","ping_status":"open","sticky":false,"template":"","format":"standard","meta":{"_crdt_document":"","footnotes":""},"categories":[5],"tags":[],"class_list":["post-19289","post","type-post","status-publish","format-standard","has-post-thumbnail","hentry","category-asayis"],"_links":{"self":[{"href":"https:\/\/www.egemtv.com\/index.php?rest_route=\/wp\/v2\/posts\/19289","targetHints":{"allow":["GET"]}}],"collection":[{"href":"https:\/\/www.egemtv.com\/index.php?rest_route=\/wp\/v2\/posts"}],"about":[{"href":"https:\/\/www.egemtv.com\/index.php?rest_route=\/wp\/v2\/types\/post"}],"author":[{"embeddable":true,"href":"https:\/\/www.egemtv.com\/index.php?rest_route=\/wp\/v2\/users\/1"}],"replies":[{"embeddable":true,"href":"https:\/\/www.egemtv.com\/index.php?rest_route=%2Fwp%2Fv2%2Fcomments&post=19289"}],"version-history":[{"count":1,"href":"https:\/\/www.egemtv.com\/index.php?rest_route=\/wp\/v2\/posts\/19289\/revisions"}],"predecessor-version":[{"id":19291,"href":"https:\/\/www.egemtv.com\/index.php?rest_route=\/wp\/v2\/posts\/19289\/revisions\/19291"}],"wp:featuredmedia":[{"embeddable":true,"href":"https:\/\/www.egemtv.com\/index.php?rest_route=\/wp\/v2\/media\/19290"}],"wp:attachment":[{"href":"https:\/\/www.egemtv.com\/index.php?rest_route=%2Fwp%2Fv2%2Fmedia&parent=19289"}],"wp:term":[{"taxonomy":"category","embeddable":true,"href":"https:\/\/www.egemtv.com\/index.php?rest_route=%2Fwp%2Fv2%2Fcategories&post=19289"},{"taxonomy":"post_tag","embeddable":true,"href":"https:\/\/www.egemtv.com\/index.php?rest_route=%2Fwp%2Fv2%2Ftags&post=19289"}],"curies":[{"name":"wp","href":"https:\/\/api.w.org\/{rel}","templated":true}]}}