{"id":19277,"date":"2025-02-15T22:07:48","date_gmt":"2025-02-15T19:07:48","guid":{"rendered":"https:\/\/www.egemtv.com\/?p=19277"},"modified":"2025-02-15T22:08:01","modified_gmt":"2025-02-15T19:08:01","slug":"selendi-belediye-spor-3-puani-tek-golle-aldi","status":"publish","type":"post","link":"https:\/\/www.egemtv.com\/?p=19277","title":{"rendered":"Selendi Belediye Spor 3 puan\u0131 tek golle ald\u0131"},"content":{"rendered":"<p>Manisa S\u00fcper Amat\u00f6r Lig tak\u0131mlar\u0131ndan Selendi Belediyespor Yusuf Bulut Sezonu Salihli Grubunda bug\u00fcn kendi evinde kar\u015f\u0131la\u015ft\u0131\u011f\u0131 Salihli 1984 Spor Kul\u00fcb\u00fcn\u00fc Muhammet Yusuf\u2019un 20. dakikada att\u0131\u011f\u0131 golle 1-0 yenerek ligde kalmak i\u00e7in \u00f6nemli bir galibiyet ald\u0131.<br \/>\n<br \/>Abdullah T\u00fcrkan, Yusuf Akkaya, Samet D\u00fczl\u00fck hakem \u00fc\u00e7l\u00fcs\u00fcn\u00fcn y\u00f6netti\u011fi m\u00fcsabaka Selendi \u015eehir Stad\u0131nda oynand\u0131. Ev sahibi tak\u0131m Selendi Belediyespor bu sezonun ilk yar\u0131s\u0131nda hi\u00e7 galibiyet almadan 2 beraberlikle 2 puan ile son s\u0131rada yer ald\u0131. \u0130kinci yar\u0131ya tak\u0131m\u0131n tamam\u0131 de\u011fi\u015ferek ba\u015flayan Selendi tak\u0131m\u0131 ikinci galibiyetini Salihli 1984 Spor Kul\u00fcb\u00fcn\u00fc Muhammed Yusuf\u2019un 20. dakikada kalecinin \u00fcst\u00fcnden a\u015f\u0131rtma vuru\u015fla kazand\u0131\u011f\u0131 golle 3 puana uzand\u0131. Ligde kalmak i\u00e7in \u00e7aba sarf eden Selendi Beleidyespor bu galibiyet ile 8 puana ula\u015ft\u0131. M\u00fcsabakay\u0131 Selendi Belediye Ba\u015fkan\u0131 Murat Daban ve y\u00fczlerce taraftar izledi.<br \/><\/p>\n","protected":false},"excerpt":{"rendered":"<p>Manisa S\u00fcper Amat\u00f6r Lig tak\u0131mlar\u0131ndan Selendi Belediyespor Yusuf Bulut Sezonu Salihli Grubunda bug\u00fcn kendi evinde kar\u015f\u0131la\u015ft\u0131\u011f\u0131 Salihli 1984 Spor Kul\u00fcb\u00fcn\u00fc Muhammet Yusuf\u2019un 20. dakikada att\u0131\u011f\u0131 golle 1-0 yenerek ligde kalmak i\u00e7in \u00f6nemli bir galibiyet ald\u0131. Abdullah T\u00fcrkan, Yusuf Akkaya, Samet D\u00fczl\u00fck hakem \u00fc\u00e7l\u00fcs\u00fcn\u00fcn y\u00f6netti\u011fi m\u00fcsabaka Selendi \u015eehir Stad\u0131nda oynand\u0131. Ev sahibi tak\u0131m Selendi Belediyespor bu&#8230;<\/p>\n","protected":false},"author":1,"featured_media":19278,"comment_status":"open","ping_status":"open","sticky":false,"template":"","format":"standard","meta":{"_crdt_document":"","footnotes":""},"categories":[4],"tags":[],"class_list":["post-19277","post","type-post","status-publish","format-standard","has-post-thumbnail","hentry","category-spor"],"_links":{"self":[{"href":"https:\/\/www.egemtv.com\/index.php?rest_route=\/wp\/v2\/posts\/19277","targetHints":{"allow":["GET"]}}],"collection":[{"href":"https:\/\/www.egemtv.com\/index.php?rest_route=\/wp\/v2\/posts"}],"about":[{"href":"https:\/\/www.egemtv.com\/index.php?rest_route=\/wp\/v2\/types\/post"}],"author":[{"embeddable":true,"href":"https:\/\/www.egemtv.com\/index.php?rest_route=\/wp\/v2\/users\/1"}],"replies":[{"embeddable":true,"href":"https:\/\/www.egemtv.com\/index.php?rest_route=%2Fwp%2Fv2%2Fcomments&post=19277"}],"version-history":[{"count":1,"href":"https:\/\/www.egemtv.com\/index.php?rest_route=\/wp\/v2\/posts\/19277\/revisions"}],"predecessor-version":[{"id":19283,"href":"https:\/\/www.egemtv.com\/index.php?rest_route=\/wp\/v2\/posts\/19277\/revisions\/19283"}],"wp:featuredmedia":[{"embeddable":true,"href":"https:\/\/www.egemtv.com\/index.php?rest_route=\/wp\/v2\/media\/19278"}],"wp:attachment":[{"href":"https:\/\/www.egemtv.com\/index.php?rest_route=%2Fwp%2Fv2%2Fmedia&parent=19277"}],"wp:term":[{"taxonomy":"category","embeddable":true,"href":"https:\/\/www.egemtv.com\/index.php?rest_route=%2Fwp%2Fv2%2Fcategories&post=19277"},{"taxonomy":"post_tag","embeddable":true,"href":"https:\/\/www.egemtv.com\/index.php?rest_route=%2Fwp%2Fv2%2Ftags&post=19277"}],"curies":[{"name":"wp","href":"https:\/\/api.w.org\/{rel}","templated":true}]}}