{"id":19256,"date":"2025-02-15T19:26:22","date_gmt":"2025-02-15T16:26:22","guid":{"rendered":"https:\/\/www.egemtv.com\/?p=19256"},"modified":"2025-02-15T19:26:27","modified_gmt":"2025-02-15T16:26:27","slug":"soke-milas-karayolunda-trafik-kazasi-2-yarali","status":"publish","type":"post","link":"https:\/\/www.egemtv.com\/?p=19256","title":{"rendered":"S\u00f6ke-Milas karayolunda trafik kazas\u0131: 2 yaral\u0131"},"content":{"rendered":"<p>S\u00f6ke-Milas karayolu \u00fczerinde meydana gelen trafik kazas\u0131nda 2 ki\u015fi yaraland\u0131.<br \/>\n<br \/>Edinilen bilgiye g\u00f6re, S\u00f6ke-Milas karayolu Yenido\u011fan Mahallesi\u2019nde, kav\u015faktan aniden yola \u00e7\u0131kan bir karavana \u00e7arpmamak i\u00e7in \u015ferit de\u011fi\u015ftirdi\u011fi iddia edilen S.E. y\u00f6netimindeki 34 DTZ 985 plakal\u0131 otomobile arkadan gelen 28 DN 438 plakal\u0131 M.C. idaresindeki otomobil \u00e7arpt\u0131. \u00c7arp\u0131\u015fman\u0131n etkisi ile savrulan ara\u00e7larda maddi hasar meydana gelirken 2 ki\u015fi yaraland\u0131. Kazay\u0131 g\u00f6renler durumu 112 Acil \u00c7a\u011fr\u0131 Merkezi\u2019ne bildirdi. \u0130hbar \u00fczerine b\u00f6lgeye sa\u011fl\u0131k ve polis ekipleri sevk edildi. K\u0131sa s\u00fcrede olay yerine gelen sa\u011fl\u0131k ekipleri yaral\u0131lara ilk m\u00fcdahalelerini yaparak ambulanslarla hastaneye kald\u0131rd\u0131. Kaza nedeniyle tek \u015feride d\u00fc\u015fen trafik ak\u0131\u015f\u0131 ara\u00e7lar\u0131n yoldan kald\u0131r\u0131lmas\u0131 ile normale d\u00f6nd\u00fc.<br \/>\n<br \/>Olayla ilgili soru\u015fturma s\u00fcr\u00fcyor.<br \/><\/p>\n","protected":false},"excerpt":{"rendered":"<p>S\u00f6ke-Milas karayolu \u00fczerinde meydana gelen trafik kazas\u0131nda 2 ki\u015fi yaraland\u0131. Edinilen bilgiye g\u00f6re, S\u00f6ke-Milas karayolu Yenido\u011fan Mahallesi\u2019nde, kav\u015faktan aniden yola \u00e7\u0131kan bir karavana \u00e7arpmamak i\u00e7in \u015ferit de\u011fi\u015ftirdi\u011fi iddia edilen S.E. y\u00f6netimindeki 34 DTZ 985 plakal\u0131 otomobile arkadan gelen 28 DN 438 plakal\u0131 M.C. idaresindeki otomobil \u00e7arpt\u0131. \u00c7arp\u0131\u015fman\u0131n etkisi ile savrulan ara\u00e7larda maddi hasar meydana gelirken&#8230;<\/p>\n","protected":false},"author":1,"featured_media":19258,"comment_status":"open","ping_status":"open","sticky":false,"template":"","format":"standard","meta":{"_crdt_document":"","footnotes":""},"categories":[5],"tags":[],"class_list":["post-19256","post","type-post","status-publish","format-standard","has-post-thumbnail","hentry","category-asayis"],"_links":{"self":[{"href":"https:\/\/www.egemtv.com\/index.php?rest_route=\/wp\/v2\/posts\/19256","targetHints":{"allow":["GET"]}}],"collection":[{"href":"https:\/\/www.egemtv.com\/index.php?rest_route=\/wp\/v2\/posts"}],"about":[{"href":"https:\/\/www.egemtv.com\/index.php?rest_route=\/wp\/v2\/types\/post"}],"author":[{"embeddable":true,"href":"https:\/\/www.egemtv.com\/index.php?rest_route=\/wp\/v2\/users\/1"}],"replies":[{"embeddable":true,"href":"https:\/\/www.egemtv.com\/index.php?rest_route=%2Fwp%2Fv2%2Fcomments&post=19256"}],"version-history":[{"count":1,"href":"https:\/\/www.egemtv.com\/index.php?rest_route=\/wp\/v2\/posts\/19256\/revisions"}],"predecessor-version":[{"id":19261,"href":"https:\/\/www.egemtv.com\/index.php?rest_route=\/wp\/v2\/posts\/19256\/revisions\/19261"}],"wp:featuredmedia":[{"embeddable":true,"href":"https:\/\/www.egemtv.com\/index.php?rest_route=\/wp\/v2\/media\/19258"}],"wp:attachment":[{"href":"https:\/\/www.egemtv.com\/index.php?rest_route=%2Fwp%2Fv2%2Fmedia&parent=19256"}],"wp:term":[{"taxonomy":"category","embeddable":true,"href":"https:\/\/www.egemtv.com\/index.php?rest_route=%2Fwp%2Fv2%2Fcategories&post=19256"},{"taxonomy":"post_tag","embeddable":true,"href":"https:\/\/www.egemtv.com\/index.php?rest_route=%2Fwp%2Fv2%2Ftags&post=19256"}],"curies":[{"name":"wp","href":"https:\/\/api.w.org\/{rel}","templated":true}]}}