{"id":19253,"date":"2025-02-15T19:01:08","date_gmt":"2025-02-15T16:01:08","guid":{"rendered":"https:\/\/www.egemtv.com\/?p=19253"},"modified":"2025-02-15T19:01:11","modified_gmt":"2025-02-15T16:01:11","slug":"1-niobe-edebiyat-sanat-soylesilerine-hastalik-engeli","status":"publish","type":"post","link":"https:\/\/www.egemtv.com\/?p=19253","title":{"rendered":"1. Niobe Edebiyat Sanat S\u00f6yle\u015fileri\u2019ne hastal\u0131k engeli"},"content":{"rendered":"<p>Manisa B\u00fcy\u00fck\u015fehir Belediyesi taraf\u0131ndan 16 \u015eubat\u2019ta Manisa K\u00fclt\u00fcr Merkezi Lale Salonu\u2019nda d\u00fczenlenmesi planlanan 1. Niobe Edebiyat Sanat S\u00f6yle\u015fileri, Can Bonomo\u2019nun rahats\u0131zl\u0131\u011f\u0131 nedeniyle iptal edildi.<br \/>\n<br \/>Manisa B\u00fcy\u00fck\u015fehir Belediyesi\u2019nin, T\u00fcrk edebiyat\u0131n\u0131n \u00f6nemli \u015fairlerinden Tu\u011frul Keskin ile m\u00fczisyen, \u015fair ve yazar Can Bonomo\u2019yu Manisal\u0131larla bulu\u015fturmay\u0131 planlad\u0131\u011f\u0131 &#8220;1. Niobe Edebiyat Sanat S\u00f6yle\u015fileri&#8221; program\u0131, Bonomo\u2019nun ge\u00e7irdi\u011fi rahats\u0131zl\u0131k nedeniyle iptal edildi. Can Bonomo, etkinlikte edebiyat ser\u00fcvenini ve son roman\u0131n\u0131 payla\u015fmay\u0131 planl\u0131yordu. Moderat\u00f6rl\u00fc\u011f\u00fcn\u00fc Tu\u011frul Keskin\u2019in yapaca\u011f\u0131 s\u00f6yle\u015fide, Bonomo\u2019nun eserlerinin ortaya \u00e7\u0131k\u0131\u015f s\u00fcreci ve ilham kaynaklar\u0131 ele al\u0131nacakt\u0131.<br \/>\n<br \/>Manisa B\u00fcy\u00fck\u015fehir Belediyesi, Can Bonomo\u2019ya acil \u015fifalar dilerken etkinli\u011fin ilerleyen tarihlerde yeniden d\u00fczenlenmesi i\u00e7in \u00e7al\u0131\u015fmalar\u0131n s\u00fcrd\u00fc\u011f\u00fc a\u00e7\u0131kland\u0131.<br \/><\/p>\n","protected":false},"excerpt":{"rendered":"<p>Manisa B\u00fcy\u00fck\u015fehir Belediyesi taraf\u0131ndan 16 \u015eubat\u2019ta Manisa K\u00fclt\u00fcr Merkezi Lale Salonu\u2019nda d\u00fczenlenmesi planlanan 1. Niobe Edebiyat Sanat S\u00f6yle\u015fileri, Can Bonomo\u2019nun rahats\u0131zl\u0131\u011f\u0131 nedeniyle iptal edildi. Manisa B\u00fcy\u00fck\u015fehir Belediyesi\u2019nin, T\u00fcrk edebiyat\u0131n\u0131n \u00f6nemli \u015fairlerinden Tu\u011frul Keskin ile m\u00fczisyen, \u015fair ve yazar Can Bonomo\u2019yu Manisal\u0131larla bulu\u015fturmay\u0131 planlad\u0131\u011f\u0131 &#8220;1. Niobe Edebiyat Sanat S\u00f6yle\u015fileri&#8221; program\u0131, Bonomo\u2019nun ge\u00e7irdi\u011fi rahats\u0131zl\u0131k nedeniyle iptal edildi&#8230;.<\/p>\n","protected":false},"author":1,"featured_media":19254,"comment_status":"open","ping_status":"open","sticky":false,"template":"","format":"standard","meta":{"_crdt_document":"","footnotes":""},"categories":[1],"tags":[],"class_list":["post-19253","post","type-post","status-publish","format-standard","has-post-thumbnail","hentry","category-guncel"],"_links":{"self":[{"href":"https:\/\/www.egemtv.com\/index.php?rest_route=\/wp\/v2\/posts\/19253","targetHints":{"allow":["GET"]}}],"collection":[{"href":"https:\/\/www.egemtv.com\/index.php?rest_route=\/wp\/v2\/posts"}],"about":[{"href":"https:\/\/www.egemtv.com\/index.php?rest_route=\/wp\/v2\/types\/post"}],"author":[{"embeddable":true,"href":"https:\/\/www.egemtv.com\/index.php?rest_route=\/wp\/v2\/users\/1"}],"replies":[{"embeddable":true,"href":"https:\/\/www.egemtv.com\/index.php?rest_route=%2Fwp%2Fv2%2Fcomments&post=19253"}],"version-history":[{"count":1,"href":"https:\/\/www.egemtv.com\/index.php?rest_route=\/wp\/v2\/posts\/19253\/revisions"}],"predecessor-version":[{"id":19255,"href":"https:\/\/www.egemtv.com\/index.php?rest_route=\/wp\/v2\/posts\/19253\/revisions\/19255"}],"wp:featuredmedia":[{"embeddable":true,"href":"https:\/\/www.egemtv.com\/index.php?rest_route=\/wp\/v2\/media\/19254"}],"wp:attachment":[{"href":"https:\/\/www.egemtv.com\/index.php?rest_route=%2Fwp%2Fv2%2Fmedia&parent=19253"}],"wp:term":[{"taxonomy":"category","embeddable":true,"href":"https:\/\/www.egemtv.com\/index.php?rest_route=%2Fwp%2Fv2%2Fcategories&post=19253"},{"taxonomy":"post_tag","embeddable":true,"href":"https:\/\/www.egemtv.com\/index.php?rest_route=%2Fwp%2Fv2%2Ftags&post=19253"}],"curies":[{"name":"wp","href":"https:\/\/api.w.org\/{rel}","templated":true}]}}