{"id":19247,"date":"2025-02-15T18:44:36","date_gmt":"2025-02-15T15:44:36","guid":{"rendered":"https:\/\/www.egemtv.com\/?p=19247"},"modified":"2025-02-15T18:44:41","modified_gmt":"2025-02-15T15:44:41","slug":"gecirdigi-kalp-krizi-sonucu-hayatini-kaybeden-polis-memuru-icin-toren-duzenlendi","status":"publish","type":"post","link":"https:\/\/www.egemtv.com\/?p=19247","title":{"rendered":"Ge\u00e7irdi\u011fi kalp krizi sonucu hayat\u0131n\u0131 kaybeden polis memuru i\u00e7in t\u00f6ren d\u00fczenlendi"},"content":{"rendered":"<p>Ayd\u0131n\u2019\u0131n Efeler il\u00e7esindeki polisevinde g\u00f6revli polis memuru Mazlum Can ge\u00e7irdi\u011fi kalp krizi sonucu hayat\u0131n\u0131 kaybederken, Can i\u00e7in Ayd\u0131n \u0130l Emniyet M\u00fcd\u00fcrl\u00fc\u011f\u00fc\u2019nde t\u00f6ren d\u00fczenlendi.<\/p>\n<p>Edinilen bilgiye g\u00f6re, polis memuru Mazlum Can (50) sabah saatlerinde istirahatte oldu\u011fu evinde aniden rahats\u0131zland\u0131. Ailesi taraf\u0131ndan 112 Acil \u00c7a\u011fr\u0131 Merkezi\u2019ne yap\u0131lan ihbar \u00fczerine ambulansla Ayd\u0131n Atat\u00fcrk Devlet Hastanesi\u2019ne kald\u0131r\u0131ld\u0131. Kalp krizi ge\u00e7irdi\u011fi tespit edilen ve hastanede doktorlar\u0131n m\u00fcdahalede bulundu\u011fu Can, t\u00fcm \u00e7abalara ra\u011fmen kurtar\u0131lamad\u0131. Can\u2019\u0131n \u00f6l\u00fcm haberini alan ailesi ve mesai arkada\u015flar\u0131 ba\u015fta olmak \u00fczere t\u00fcm sevenleri yasa bo\u011fuldu. Hayat\u0131n\u0131 kaybeden Can i\u00e7in Ayd\u0131n Emniyet M\u00fcd\u00fcrl\u00fc\u011f\u00fc \u00f6n\u00fcnde t\u00f6ren d\u00fczenlendi. T\u00f6rene Ayd\u0131n Valisi Yakup Canbolat, Emniyet M\u00fcd\u00fcr\u00fc Arma\u011fan Adnan Erdo\u011fan, Jandarma Komutan\u0131 Ali Naci Aldemir\u2019in yan\u0131 s\u0131ra polisin ailesi ve mesai arkada\u015flar\u0131 kat\u0131ld\u0131. T\u00f6renin ard\u0131ndan polis memuru Can\u2019\u0131n cenazesi, topra\u011fa verilmek \u00fczere memleketi Ankara\u2019ya u\u011furland\u0131.<br \/><\/p>\n","protected":false},"excerpt":{"rendered":"<p>Ayd\u0131n\u2019\u0131n Efeler il\u00e7esindeki polisevinde g\u00f6revli polis memuru Mazlum Can ge\u00e7irdi\u011fi kalp krizi sonucu hayat\u0131n\u0131 kaybederken, Can i\u00e7in Ayd\u0131n \u0130l Emniyet M\u00fcd\u00fcrl\u00fc\u011f\u00fc\u2019nde t\u00f6ren d\u00fczenlendi. Edinilen bilgiye g\u00f6re, polis memuru Mazlum Can (50) sabah saatlerinde istirahatte oldu\u011fu evinde aniden rahats\u0131zland\u0131. Ailesi taraf\u0131ndan 112 Acil \u00c7a\u011fr\u0131 Merkezi\u2019ne yap\u0131lan ihbar \u00fczerine ambulansla Ayd\u0131n Atat\u00fcrk Devlet Hastanesi\u2019ne kald\u0131r\u0131ld\u0131. Kalp krizi&#8230;<\/p>\n","protected":false},"author":1,"featured_media":19248,"comment_status":"open","ping_status":"open","sticky":false,"template":"","format":"standard","meta":{"_crdt_document":"","footnotes":""},"categories":[1],"tags":[],"class_list":["post-19247","post","type-post","status-publish","format-standard","has-post-thumbnail","hentry","category-guncel"],"_links":{"self":[{"href":"https:\/\/www.egemtv.com\/index.php?rest_route=\/wp\/v2\/posts\/19247","targetHints":{"allow":["GET"]}}],"collection":[{"href":"https:\/\/www.egemtv.com\/index.php?rest_route=\/wp\/v2\/posts"}],"about":[{"href":"https:\/\/www.egemtv.com\/index.php?rest_route=\/wp\/v2\/types\/post"}],"author":[{"embeddable":true,"href":"https:\/\/www.egemtv.com\/index.php?rest_route=\/wp\/v2\/users\/1"}],"replies":[{"embeddable":true,"href":"https:\/\/www.egemtv.com\/index.php?rest_route=%2Fwp%2Fv2%2Fcomments&post=19247"}],"version-history":[{"count":1,"href":"https:\/\/www.egemtv.com\/index.php?rest_route=\/wp\/v2\/posts\/19247\/revisions"}],"predecessor-version":[{"id":19249,"href":"https:\/\/www.egemtv.com\/index.php?rest_route=\/wp\/v2\/posts\/19247\/revisions\/19249"}],"wp:featuredmedia":[{"embeddable":true,"href":"https:\/\/www.egemtv.com\/index.php?rest_route=\/wp\/v2\/media\/19248"}],"wp:attachment":[{"href":"https:\/\/www.egemtv.com\/index.php?rest_route=%2Fwp%2Fv2%2Fmedia&parent=19247"}],"wp:term":[{"taxonomy":"category","embeddable":true,"href":"https:\/\/www.egemtv.com\/index.php?rest_route=%2Fwp%2Fv2%2Fcategories&post=19247"},{"taxonomy":"post_tag","embeddable":true,"href":"https:\/\/www.egemtv.com\/index.php?rest_route=%2Fwp%2Fv2%2Ftags&post=19247"}],"curies":[{"name":"wp","href":"https:\/\/api.w.org\/{rel}","templated":true}]}}