{"id":19238,"date":"2025-02-15T17:53:19","date_gmt":"2025-02-15T14:53:19","guid":{"rendered":"https:\/\/www.egemtv.com\/?p=19238"},"modified":"2025-02-15T17:53:24","modified_gmt":"2025-02-15T14:53:24","slug":"efeler-belediyesi-agac-budama-ve-bakim-calismalarini-surduruyor","status":"publish","type":"post","link":"https:\/\/www.egemtv.com\/?p=19238","title":{"rendered":"Efeler Belediyesi a\u011fa\u00e7 budama ve bak\u0131m \u00e7al\u0131\u015fmalar\u0131n\u0131 s\u00fcrd\u00fcr\u00fcyor"},"content":{"rendered":"<p>Efeler Belediye Ba\u015fkan\u0131 An\u0131l Yeti\u015fkin ve \u00e7al\u0131\u015fma arkada\u015flar\u0131 y\u00fcr\u00fctt\u00fckleri faaliyetlerle daha g\u00fcvenli ve daha estetik bir kent olu\u015fturmak i\u00e7in g\u00f6rev ve sorumluluk alan\u0131nda \u00e7al\u0131\u015fmalar\u0131n\u0131 s\u00fcrd\u00fcr\u00fcrken, Park ve Bah\u00e7eler M\u00fcd\u00fcrl\u00fc\u011f\u00fc\u2019ne ba\u011fl\u0131 ekipler \u015fehirdeki a\u011fa\u00e7lar\u0131 buduyor ve bak\u0131mlar\u0131n\u0131 yap\u0131yor.<\/p>\n<p>S\u0131ras\u0131yla t\u00fcm mahallelerde ger\u00e7ekle\u015ftirilen faaliyetlerin yeni adresi Cumhuriyet ve Adnan Menderes mahalleleri oldu. Dallar\u0131 uzayan ve elektrik tellerine temas etmesi halinde ciddi tehlike olu\u015fturan ile y\u0131k\u0131lma riski bulunan a\u011fa\u00e7lar\u0131n dallar\u0131 budand\u0131. Bu sayede, vatanda\u015flar\u0131n daha g\u00fcvenli \u015fekilde ya\u015famas\u0131 sa\u011fland\u0131. Ayn\u0131 zamanda estetik bir \u015fehir g\u00f6r\u00fcn\u00fcm\u00fc de Efeler\u2019e kazand\u0131r\u0131lm\u0131\u015f oldu. \u00c7al\u0131\u015fmalar nedeniyle memnuniyet duyduklar\u0131n\u0131 ifade eden il\u00e7e sakinleri, Ba\u015fkan An\u0131l Yeti\u015fkin ve ekibine te\u015fekk\u00fcr etti.<br \/><\/p>\n","protected":false},"excerpt":{"rendered":"<p>Efeler Belediye Ba\u015fkan\u0131 An\u0131l Yeti\u015fkin ve \u00e7al\u0131\u015fma arkada\u015flar\u0131 y\u00fcr\u00fctt\u00fckleri faaliyetlerle daha g\u00fcvenli ve daha estetik bir kent olu\u015fturmak i\u00e7in g\u00f6rev ve sorumluluk alan\u0131nda \u00e7al\u0131\u015fmalar\u0131n\u0131 s\u00fcrd\u00fcr\u00fcrken, Park ve Bah\u00e7eler M\u00fcd\u00fcrl\u00fc\u011f\u00fc\u2019ne ba\u011fl\u0131 ekipler \u015fehirdeki a\u011fa\u00e7lar\u0131 buduyor ve bak\u0131mlar\u0131n\u0131 yap\u0131yor. S\u0131ras\u0131yla t\u00fcm mahallelerde ger\u00e7ekle\u015ftirilen faaliyetlerin yeni adresi Cumhuriyet ve Adnan Menderes mahalleleri oldu. Dallar\u0131 uzayan ve elektrik tellerine&#8230;<\/p>\n","protected":false},"author":1,"featured_media":19240,"comment_status":"open","ping_status":"open","sticky":false,"template":"","format":"standard","meta":{"_crdt_document":"","footnotes":""},"categories":[1],"tags":[],"class_list":["post-19238","post","type-post","status-publish","format-standard","has-post-thumbnail","hentry","category-guncel"],"_links":{"self":[{"href":"https:\/\/www.egemtv.com\/index.php?rest_route=\/wp\/v2\/posts\/19238","targetHints":{"allow":["GET"]}}],"collection":[{"href":"https:\/\/www.egemtv.com\/index.php?rest_route=\/wp\/v2\/posts"}],"about":[{"href":"https:\/\/www.egemtv.com\/index.php?rest_route=\/wp\/v2\/types\/post"}],"author":[{"embeddable":true,"href":"https:\/\/www.egemtv.com\/index.php?rest_route=\/wp\/v2\/users\/1"}],"replies":[{"embeddable":true,"href":"https:\/\/www.egemtv.com\/index.php?rest_route=%2Fwp%2Fv2%2Fcomments&post=19238"}],"version-history":[{"count":1,"href":"https:\/\/www.egemtv.com\/index.php?rest_route=\/wp\/v2\/posts\/19238\/revisions"}],"predecessor-version":[{"id":19243,"href":"https:\/\/www.egemtv.com\/index.php?rest_route=\/wp\/v2\/posts\/19238\/revisions\/19243"}],"wp:featuredmedia":[{"embeddable":true,"href":"https:\/\/www.egemtv.com\/index.php?rest_route=\/wp\/v2\/media\/19240"}],"wp:attachment":[{"href":"https:\/\/www.egemtv.com\/index.php?rest_route=%2Fwp%2Fv2%2Fmedia&parent=19238"}],"wp:term":[{"taxonomy":"category","embeddable":true,"href":"https:\/\/www.egemtv.com\/index.php?rest_route=%2Fwp%2Fv2%2Fcategories&post=19238"},{"taxonomy":"post_tag","embeddable":true,"href":"https:\/\/www.egemtv.com\/index.php?rest_route=%2Fwp%2Fv2%2Ftags&post=19238"}],"curies":[{"name":"wp","href":"https:\/\/api.w.org\/{rel}","templated":true}]}}