{"id":19220,"date":"2025-02-15T16:48:42","date_gmt":"2025-02-15T13:48:42","guid":{"rendered":"https:\/\/www.egemtv.com\/?p=19220"},"modified":"2025-02-15T16:48:47","modified_gmt":"2025-02-15T13:48:47","slug":"denizden-yuzerek-cikan-yaban-domuzu-sasirtti","status":"publish","type":"post","link":"https:\/\/www.egemtv.com\/?p=19220","title":{"rendered":"Denizden y\u00fczerek \u00e7\u0131kan yaban domuzu \u015fa\u015f\u0131rtt\u0131"},"content":{"rendered":"<p>Ayd\u0131n\u2019\u0131n Ku\u015fadas\u0131 il\u00e7esinde denizden y\u00fczerek \u00e7\u0131kan yaban domuzu g\u00f6renleri \u015fa\u015f\u0131rtt\u0131. O anlar cep telefonu kameras\u0131yla anbean kaydedildi.<br \/>\n<br \/>Edinilen bilgiye g\u00f6re, Karaova Mahallesi\u2019nde bulunan 5 y\u0131ld\u0131zl\u0131 otelin \u00e7al\u0131\u015fan\u0131 Muzaffer Akko\u00e7, sabah saatlerinde havuz temizli\u011fi yaparken denizde bir hareketlilik oldu\u011funu fark etti. Otelin plaj k\u0131sm\u0131na inen Akko\u00e7, cep telefonu kameras\u0131yla kay\u0131t almaya ba\u015flad\u0131. Denizde y\u00fczen canl\u0131lar\u0131 ilk \u00f6nce ay\u0131 sanan Akko\u00e7, daha sonra i\u00e7lerinden birinin k\u0131y\u0131ya \u00e7\u0131kmas\u0131yla yaban domuzu oldu\u011funu anlad\u0131. G\u00f6r\u00fcnt\u00fcleri kaydeden otel \u00e7al\u0131\u015fan\u0131 Muzaffer Akko\u00e7, &#8220;Y\u00fczen canl\u0131y\u0131 ilk \u00f6nce ay\u0131 sand\u0131m. K\u0131y\u0131ya \u00e7\u0131k\u0131nca yaban domuzu oldu\u011funu g\u00f6rd\u00fcm. Ben bu ya\u015f\u0131ma kadar yaban domuzunun y\u00fczd\u00fc\u011f\u00fcn\u00fc ilk defa g\u00f6rd\u00fcm&#8221; diye konu\u015ftu.<br \/><\/p>\n","protected":false},"excerpt":{"rendered":"<p>Ayd\u0131n\u2019\u0131n Ku\u015fadas\u0131 il\u00e7esinde denizden y\u00fczerek \u00e7\u0131kan yaban domuzu g\u00f6renleri \u015fa\u015f\u0131rtt\u0131. O anlar cep telefonu kameras\u0131yla anbean kaydedildi. Edinilen bilgiye g\u00f6re, Karaova Mahallesi\u2019nde bulunan 5 y\u0131ld\u0131zl\u0131 otelin \u00e7al\u0131\u015fan\u0131 Muzaffer Akko\u00e7, sabah saatlerinde havuz temizli\u011fi yaparken denizde bir hareketlilik oldu\u011funu fark etti. Otelin plaj k\u0131sm\u0131na inen Akko\u00e7, cep telefonu kameras\u0131yla kay\u0131t almaya ba\u015flad\u0131. Denizde y\u00fczen canl\u0131lar\u0131 ilk&#8230;<\/p>\n","protected":false},"author":1,"featured_media":19221,"comment_status":"open","ping_status":"open","sticky":false,"template":"","format":"standard","meta":{"_crdt_document":"","footnotes":""},"categories":[1],"tags":[],"class_list":["post-19220","post","type-post","status-publish","format-standard","has-post-thumbnail","hentry","category-guncel"],"_links":{"self":[{"href":"https:\/\/www.egemtv.com\/index.php?rest_route=\/wp\/v2\/posts\/19220","targetHints":{"allow":["GET"]}}],"collection":[{"href":"https:\/\/www.egemtv.com\/index.php?rest_route=\/wp\/v2\/posts"}],"about":[{"href":"https:\/\/www.egemtv.com\/index.php?rest_route=\/wp\/v2\/types\/post"}],"author":[{"embeddable":true,"href":"https:\/\/www.egemtv.com\/index.php?rest_route=\/wp\/v2\/users\/1"}],"replies":[{"embeddable":true,"href":"https:\/\/www.egemtv.com\/index.php?rest_route=%2Fwp%2Fv2%2Fcomments&post=19220"}],"version-history":[{"count":1,"href":"https:\/\/www.egemtv.com\/index.php?rest_route=\/wp\/v2\/posts\/19220\/revisions"}],"predecessor-version":[{"id":19222,"href":"https:\/\/www.egemtv.com\/index.php?rest_route=\/wp\/v2\/posts\/19220\/revisions\/19222"}],"wp:featuredmedia":[{"embeddable":true,"href":"https:\/\/www.egemtv.com\/index.php?rest_route=\/wp\/v2\/media\/19221"}],"wp:attachment":[{"href":"https:\/\/www.egemtv.com\/index.php?rest_route=%2Fwp%2Fv2%2Fmedia&parent=19220"}],"wp:term":[{"taxonomy":"category","embeddable":true,"href":"https:\/\/www.egemtv.com\/index.php?rest_route=%2Fwp%2Fv2%2Fcategories&post=19220"},{"taxonomy":"post_tag","embeddable":true,"href":"https:\/\/www.egemtv.com\/index.php?rest_route=%2Fwp%2Fv2%2Ftags&post=19220"}],"curies":[{"name":"wp","href":"https:\/\/api.w.org\/{rel}","templated":true}]}}