{"id":19214,"date":"2025-02-15T16:16:39","date_gmt":"2025-02-15T13:16:39","guid":{"rendered":"https:\/\/www.egemtv.com\/?p=19214"},"modified":"2025-02-15T16:16:43","modified_gmt":"2025-02-15T13:16:43","slug":"baskan-gencay-hisar-mahallesi-sakinleri-ile-bir-araya-geldi","status":"publish","type":"post","link":"https:\/\/www.egemtv.com\/?p=19214","title":{"rendered":"Ba\u015fkan Gen\u00e7ay, Hisar Mahallesi sakinleri ile bir araya geldi"},"content":{"rendered":"<p>Didim Belediyesi taraf\u0131ndan ba\u015flat\u0131lan Mahallemi Dinliyorum projesi t\u00fcm h\u0131z\u0131yla devam ederken Belediye Ba\u015fkan\u0131 Hatice Gen\u00e7ay Hisar Mahallesi sakinleri ile bir araya geldi.<\/p>\n<p>Didim Belediyesi taraf\u0131ndan ba\u015flat\u0131lan proje kapsam\u0131nda Hisar Mahallesi\u2019nde bir d\u00fc\u011f\u00fcn salonunda ger\u00e7ekle\u015ftirilen mahalle toplant\u0131s\u0131na, Didim Belediye Ba\u015fkan\u0131 Hatice Gen\u00e7ay, Belediye Ba\u015fkan Yard\u0131mc\u0131lar\u0131 Aydan A\u015f\u0131k Turgut, Ali \u00c7elik, Kaan Top\u00e7uo\u011fullar\u0131, belediye meclis \u00fcyeleri, birim amirleri ve Hisar Mahalle sakinleri kat\u0131ld\u0131.  Mahalle sakinlerinin talep ve \u00f6nerilerini dinleyen Didim Belediye Ba\u015fkan\u0131 Hatice Gen\u00e7ay, vatanda\u015flar\u0131n sorunlar\u0131na \u00e7\u00f6z\u00fcm \u00f6nerileri sundu. Toplant\u0131da konu\u015fan Didim Belediye Ba\u015fkan\u0131 Hatice Gen\u00e7ay, &#8220;Hisar Mahallesi Toplant\u0131s\u0131\u2019nda kom\u015fular\u0131m\u0131zla bir araya geldik. Didim\u2019i birlikte y\u00f6netmek i\u00e7in s\u00f6z hakk\u0131n\u0131 vatanda\u015flar\u0131m\u0131za b\u0131rak\u0131yor, kat\u0131l\u0131mc\u0131 bir y\u00f6netim anlay\u0131\u015f\u0131yla dayan\u0131\u015fmay\u0131 b\u00fcy\u00fct\u00fcyoruz. Ortak ak\u0131lla, ortak \u00e7\u00f6z\u00fcmler \u00fcretiyoruz. \u00c7ocuklar\u0131m\u0131z\u0131n g\u00fcvenle b\u00fcy\u00fcd\u00fc\u011f\u00fc, kad\u0131nlar\u0131n sokaklar\u0131nda \u00f6zg\u00fcrce y\u00fcr\u00fcd\u00fc\u011f\u00fc, herkesin huzurla ya\u015fad\u0131\u011f\u0131 bir Didim i\u00e7in kararl\u0131l\u0131kla \u00e7al\u0131\u015fmaya devam edece\u011fiz&#8221; dedi.<br \/><\/p>\n","protected":false},"excerpt":{"rendered":"<p>Didim Belediyesi taraf\u0131ndan ba\u015flat\u0131lan Mahallemi Dinliyorum projesi t\u00fcm h\u0131z\u0131yla devam ederken Belediye Ba\u015fkan\u0131 Hatice Gen\u00e7ay Hisar Mahallesi sakinleri ile bir araya geldi. Didim Belediyesi taraf\u0131ndan ba\u015flat\u0131lan proje kapsam\u0131nda Hisar Mahallesi\u2019nde bir d\u00fc\u011f\u00fcn salonunda ger\u00e7ekle\u015ftirilen mahalle toplant\u0131s\u0131na, Didim Belediye Ba\u015fkan\u0131 Hatice Gen\u00e7ay, Belediye Ba\u015fkan Yard\u0131mc\u0131lar\u0131 Aydan A\u015f\u0131k Turgut, Ali \u00c7elik, Kaan Top\u00e7uo\u011fullar\u0131, belediye meclis \u00fcyeleri, birim&#8230;<\/p>\n","protected":false},"author":1,"featured_media":19215,"comment_status":"open","ping_status":"open","sticky":false,"template":"","format":"standard","meta":{"_crdt_document":"","footnotes":""},"categories":[1],"tags":[],"class_list":["post-19214","post","type-post","status-publish","format-standard","has-post-thumbnail","hentry","category-guncel"],"_links":{"self":[{"href":"https:\/\/www.egemtv.com\/index.php?rest_route=\/wp\/v2\/posts\/19214","targetHints":{"allow":["GET"]}}],"collection":[{"href":"https:\/\/www.egemtv.com\/index.php?rest_route=\/wp\/v2\/posts"}],"about":[{"href":"https:\/\/www.egemtv.com\/index.php?rest_route=\/wp\/v2\/types\/post"}],"author":[{"embeddable":true,"href":"https:\/\/www.egemtv.com\/index.php?rest_route=\/wp\/v2\/users\/1"}],"replies":[{"embeddable":true,"href":"https:\/\/www.egemtv.com\/index.php?rest_route=%2Fwp%2Fv2%2Fcomments&post=19214"}],"version-history":[{"count":1,"href":"https:\/\/www.egemtv.com\/index.php?rest_route=\/wp\/v2\/posts\/19214\/revisions"}],"predecessor-version":[{"id":19216,"href":"https:\/\/www.egemtv.com\/index.php?rest_route=\/wp\/v2\/posts\/19214\/revisions\/19216"}],"wp:featuredmedia":[{"embeddable":true,"href":"https:\/\/www.egemtv.com\/index.php?rest_route=\/wp\/v2\/media\/19215"}],"wp:attachment":[{"href":"https:\/\/www.egemtv.com\/index.php?rest_route=%2Fwp%2Fv2%2Fmedia&parent=19214"}],"wp:term":[{"taxonomy":"category","embeddable":true,"href":"https:\/\/www.egemtv.com\/index.php?rest_route=%2Fwp%2Fv2%2Fcategories&post=19214"},{"taxonomy":"post_tag","embeddable":true,"href":"https:\/\/www.egemtv.com\/index.php?rest_route=%2Fwp%2Fv2%2Ftags&post=19214"}],"curies":[{"name":"wp","href":"https:\/\/api.w.org\/{rel}","templated":true}]}}