{"id":19211,"date":"2025-02-15T16:05:13","date_gmt":"2025-02-15T13:05:13","guid":{"rendered":"https:\/\/www.egemtv.com\/?p=19211"},"modified":"2025-02-15T16:05:18","modified_gmt":"2025-02-15T13:05:18","slug":"efelerdeki-maas-krizi-ile-ilgili-baskan-yetiskin-iscilerle-gorustu","status":"publish","type":"post","link":"https:\/\/www.egemtv.com\/?p=19211","title":{"rendered":"Efeler\u2019deki maa\u015f krizi ile ilgili Ba\u015fkan Yeti\u015fkin i\u015f\u00e7ilerle g\u00f6r\u00fc\u015ft\u00fc"},"content":{"rendered":"<p>Efeler Belediyesi\u2019ne ait EFEBEL \u015firketinin \u00e7al\u0131\u015fanlar\u0131 maa\u015flar\u0131n\u0131n eksik \u00f6dendi\u011fi gerek\u00e7esiyle i\u015f b\u0131rakma eylemi ger\u00e7ekle\u015ftirirken Efeler Belediye Ba\u015fkan\u0131 An\u0131l Yeti\u015fkin i\u015f\u00e7ilerle bir aya geldi. Ba\u015fkan Yeti\u015fkin, &#8220;Maa\u015f hepinizin hakk\u0131, bunlar\u0131 \u00f6deyece\u011fiz. Ama ge\u00e7mi\u015fe dayal\u0131 bor\u00e7lar\u0131m\u0131 da \u00f6demek istiyorum. Hepimizin ortak gayesi Efeler\u2019e hizmet&#8221; dedi.<\/p>\n<p>Edinilen bilgiye g\u00f6re, sabah\u0131n erken saatlerinde Kocag\u00fcr\u2019deki \u015fantiyeye gelen i\u015f\u00e7iler, hesaplar\u0131na yatan maa\u015flar\u0131n eksik oldu\u011funu g\u00f6r\u00fcnce ara\u00e7lar\u0131na binip temizlik i\u015fine gitmekten vazge\u00e7erek grev yapma karar\u0131 ald\u0131. Eyleme kat\u0131lan i\u015f\u00e7iler maa\u015flar\u0131n\u0131n tamam\u0131n\u0131n \u00f6denmesi talebiyle \u015fantiyede halay \u00e7ekti. \u0130\u015f\u00e7ilerin maa\u015flar\u0131n\u0131n sadece d\u00f6rtte birinin yat\u0131r\u0131ld\u0131\u011f\u0131n\u0131 belirten Genel \u0130\u015f Sendikas\u0131 Ayd\u0131n \u015eube Ba\u015fkan\u0131 Sibel \u00d6zhan, bu nedenle eylem karar\u0131 ald\u0131klar\u0131n\u0131 s\u00f6yledi.<\/p>\n<p>Maa\u015f krizinin ard\u0131ndan Efeler Belediye Ba\u015fkan\u0131 An\u0131l Yeti\u015fkin \u015fantiyeye gelerek i\u015f\u00e7ilerle bir araya geldi. \u0130\u015f\u00e7ilerle uzun s\u00fcre g\u00f6r\u00fc\u015fen Ba\u015fkan Yeti\u015fkin, &#8220;Vergi Dairesi 60 milyon TL bor\u00e7 i\u00e7in hesaplar\u0131m\u0131za haciz koymu\u015ftu. 36 aya kadar b\u00f6l\u00fcnebilecek bor\u00e7 i\u00e7in en fazla 4 ayl\u0131k bir taksit yapt\u0131lar bunun i\u00e7in 15\u2019erden 30 milyon TL onu yat\u0131rd\u0131k. 2 ayl\u0131k toplam kesinti ile beraber bu ay da 80 milyon TL gelecek olan param\u0131z 51 milyon TL geldi. T\u00fcm \u00e7al\u0131\u015fan mesai arkada\u015flar\u0131m\u0131z\u0131n toplam maliyeti 120 milyon TL civar\u0131nda bir miktar yap\u0131yor. Biz bunu tamamlamaya gayret ettik. Ancak ba\u015fka \u015feylerin de alt\u0131n\u0131 \u00e7izmek laz\u0131m. Son d\u00f6nemde s\u0131k s\u0131k icraya konduk. G\u00f6r\u00fc\u015fmelerimizde \u2019arkada\u015flar biz elimizden geleni yap\u0131yoruz, yapmaya da devam edece\u011fiz. Ama bu farklar\u0131 icraya koyunca bir \u015fey olmayacak. \u00c7\u00fcnk\u00fc bu farkl\u0131 icra vas\u0131tas\u0131 ile yat\u0131rd\u0131\u011f\u0131m takdirde di\u011fer arkada\u015flar\u0131m\u0131z\u0131n da haklar\u0131n\u0131 almalar\u0131na engel olaca\u011f\u0131m\u2019 diye g\u00f6r\u00fc\u015ft\u00fck. Ancak en son yap\u0131lan i\u015flemlerde arkada\u015flar\u0131m\u0131z hesaplar\u0131m\u0131za haciz koydu, y\u00f6netim kurulu \u00fcyelerine haciz ihbarnameleri g\u00f6nderildi. Bunu mesai arkada\u015flar\u0131m\u0131z yapt\u0131, yabanc\u0131 birisi de\u011fil. Benim makam odama dahi haciz kondu. Ben makam mevki isteyen biri de\u011filim. Benim makam\u0131m sizlerin g\u00f6n\u00fclleri olsun yeter, benim i\u00e7in en \u00f6nemlisi de odur. Bizim beraberce Efeler\u2019e hizmet etmek i\u00e7in bir gayemiz var. Ama son 2 ayda \u00f6dedi\u011fimiz ekstra \u00fccretler 120 milyon TL\u2019yi ge\u00e7ti. Yani biz farklar\u0131 da bu ay belki \u00f6derdik&#8221; dedi.<\/p>\n<p>&#8220;Emekli olanlar\u0131n \u00fccretlerini tek kalemde \u00f6dedik&#8221;<br \/>\n<br \/>Belediyeye uzun s\u00fcre hizmet edip emekli olan personellerin haklar\u0131n\u0131 almalar\u0131 i\u00e7in t\u00fcm alacaklar\u0131n\u0131 pe\u015fin \u00f6dediklerini hat\u0131rlatan Yeti\u015fkin, &#8220;Ge\u00e7en ay i\u00e7erisinde emekli olan arkada\u015flar\u0131m\u0131z\u0131n haklar\u0131, bu kadar y\u0131ll\u0131k emekleri heba olmas\u0131n hepsini pe\u015fin \u00f6deyelim diye y\u0131rt\u0131nd\u0131k adeta. 36 milyon TL sadece emekli olan arkada\u015flar\u0131m\u0131z\u0131n \u00fccretlerini tek kalemde \u00f6dedik&#8221; diye konu\u015ftu.<\/p>\n<p>&#8220;SGK\u2019ya \u015fikayet edildik&#8221;<br \/>\n<br \/>Kendi personelleri taraf\u0131ndan \u00f6demelerin yap\u0131lmad\u0131\u011f\u0131 i\u00e7in \u015fikayet edildiklerini ve bu durumla alakal\u0131 20 milyon TL ekstradan ceza ile kar\u015f\u0131 kar\u015f\u0131ya olduklar\u0131n\u0131 kaydeden Yeti\u015fkin, &#8220;Bir de baz\u0131 arkada\u015flar\u0131m\u0131z\u0131n \u00f6nc\u00fcl\u00fc\u011f\u00fcnde SGK\u2019ya farklar yat\u0131r\u0131lmad\u0131 diye \u015fikayet edildik. \u015eu anda sigorta incelemesindeyiz ve 20 milyon TL\u2019de ekstradan ceza geliyor bize. Biz onu da ay\u0131rmak zorunday\u0131z. Farklar yat\u0131r\u0131lmad\u0131\u011f\u0131 i\u00e7in biz de bu ay sizin farklar\u0131n\u0131z\u0131n 3 ayl\u0131k k\u0131sm\u0131n\u0131 yat\u0131rd\u0131k. \u00dcst\u00fcne de maa\u015flar\u0131n\u0131z\u0131 \u00f6dedik. En d\u00fc\u015f\u00fck maa\u015f sadece 1 y\u0131ll\u0131k s\u00fcre\u00e7te yani ge\u00e7en sene Kas\u0131m-Aral\u0131k ay\u0131nda i\u015fe giren arkada\u015flar\u0131m\u0131za yat\u0131rd\u0131k. Onlar\u0131n durumlar\u0131n\u0131 da Pazartesi ve Sal\u0131 g\u00fcn\u00fc halletmek i\u00e7in u\u011fra\u015f\u0131yoruz. Ama 3 ayl\u0131k farklar\u0131n\u0131z ile beraber zaten en d\u00fc\u015f\u00fck maa\u015f\u0131n\u0131z zaten ge\u00e7en ayki maa\u015f\u0131n\u0131z ile hemen hemen ayn\u0131. Aran\u0131zda 8 bin TL alan yok aran\u0131zda. 3 ayl\u0131k ikramiye farklar\u0131n\u0131z\u0131 yat\u0131rd\u0131k kald\u0131 ki bu benim d\u00f6nemim de\u011fil. Ge\u00e7en seneden kalan alacaklar\u0131n\u0131z\u0131 \u00f6demek i\u00e7in u\u011fra\u015f\u0131yoruz ve \u00f6d\u00fcyoruz. \u015eu anda sigorta ile kar\u015f\u0131 kar\u015f\u0131yay\u0131m ve inceleme ge\u00e7iriyorum. Sizlerin aras\u0131ndan baz\u0131 arkada\u015flar\u0131n\u0131z\u0131n yapt\u0131\u011f\u0131 \u015fikayetlerden dolay\u0131 20 milyon TL ceza var&#8221; ifadelerini kulland\u0131.<\/p>\n<p>&#8220;Yasal olarak yapacak oldu\u011funuz her \u015feyde yan\u0131n\u0131zday\u0131m&#8221;<br \/>\n<br \/>\u0130\u015f\u00e7ilerin yasal olarak yapacaklar\u0131 her \u015feyde yanlar\u0131nda oldu\u011funun bilinmesini isteyen Ba\u015fkan Yeti\u015fkin, &#8220;Biz sendikac\u0131 arkada\u015flar\u0131m\u0131za bu konular\u0131 ge\u00e7en hafta anlatt\u0131m. Size anlatmad\u0131larsa bilemiyorum. Ancak biz hi\u00e7 kimseyi ma\u011fdur etmemek i\u00e7in ge\u00e7mi\u015f alacaklar\u0131n\u0131z\u0131 da dahil etmek suretiyle bu ay k\u0131smen bir maa\u015f \u00f6demesi yapt\u0131k, do\u011frudur. Ancak en d\u00fc\u015f\u00fck maa\u015f gene ge\u00e7en ayki hesaplar\u0131n\u0131za yatan para ile ayn\u0131d\u0131r. Bu ay i\u00e7erisinde de maa\u015flar\u0131 tamamlayarak herkesin sadece belediyeden 3 ayl\u0131k alaca\u011f\u0131 kals\u0131n diye u\u011fra\u015f\u0131yoruz. Bu g\u00fcn bu yap\u0131lan \u00e7ok do\u011fru bir \u015fey de\u011fil. Alaca\u011f\u0131n\u0131z varsa belediyeden mutlaka \u00f6denir. Bug\u00fcne kadar kimsenin bir kuru\u015f alaca\u011f\u0131 kalmam\u0131\u015ft\u0131r. Efeler Belediyesi kuruldu\u011fu g\u00fcnden bu yana kimsenin alaca\u011f\u0131n\u0131 b\u0131rakmam\u0131\u015ft\u0131r. Bir s\u00fcre\u00e7 ya\u015f\u0131yoruz ve bu s\u00fcre\u00e7le ilgili ben sizlere daha \u00f6nce bilgilendirmelerde bulundum. Tek tek gelip \u015fantiyelerde elinizi s\u0131k\u0131p eme\u011finizi takdir edip te\u015fekk\u00fcr etmi\u015ftim. Ama bug\u00fcnk\u00fc yapt\u0131\u011f\u0131n\u0131z hizmet bana de\u011fil, amcan\u0131z\u0131n o\u011fluna, teyzenizin k\u0131z\u0131na, e\u015finize dostunuza. Kamyonlar\u0131 \u00e7\u0131kartmamak olacak i\u015f de\u011fil. B\u0131rak\u0131n \u00e7al\u0131\u015facak olan arkada\u015flar\u0131m\u0131z \u00e7al\u0131\u015fs\u0131n, hizmetini yerine getirsin. \u00c7al\u0131\u015fmayacak arkada\u015flar\u0131m\u0131z da \u2019ben bu \u00f6demeyi kabul etmiyorum\u2019 diyerek kals\u0131n. \u00d6yle bir durumda hi\u00e7bir \u015fey s\u00f6ylemeyece\u011fim. Yasal olarak yapacak oldu\u011funuz her \u015feyde yan\u0131n\u0131zday\u0131m. Ama yasal olmayan bir \u015feye, olaya alet oluyorsan\u0131z ve olay\u0131 manupile ediyorsan\u0131z o zaman s\u0131k\u0131nt\u0131 var demektir. Ben \u00e7al\u0131\u015fmak isteyen arkada\u015flar\u0131mdan i\u015flerinin ba\u015flar\u0131na ge\u00e7mesini talep ediyorum. Bundan sonraki s\u00fcre\u00e7te de ben elimden geleni yapmaya haz\u0131r\u0131m&#8221; dedi.<\/p>\n<p>&#8220;Sadece 2 ayl\u0131k s\u00fcre\u00e7te \u00f6ng\u00f6rmedi\u011fimiz \u00f6demeler 150 milyon TL\u2019yi ge\u00e7ti&#8221;<br \/>\n<br \/>Ba\u015fkan Yeti\u015fkin herkese hakk\u0131n\u0131 vermek i\u00e7in \u00e7al\u0131\u015ft\u0131\u011f\u0131n\u0131 belirterek \u015funlar\u0131 aktard\u0131: &#8220;Sadece 2 ayl\u0131k s\u00fcre\u00e7te ekstradan \u00f6dedi\u011fimiz \u00f6ng\u00f6rmedi\u011fimiz \u00f6demeler 150 milyon TL\u2019yi ge\u00e7ti. Bu paray\u0131 size rahat rahat da\u011f\u0131tabilirdik. SGK ile g\u00f6r\u00fc\u015fmelerimiz halen devam ediyor. Gayrimenkul devri i\u00e7in u\u011fra\u015f\u0131yorum. Daha birka\u00e7 g\u00fcn \u00f6nce g\u00f6r\u00fc\u015fme sa\u011flad\u0131k. Biz buna \u00e7abalarken hesaplara yatan toplam para olarak kimseyi ma\u011fdur etmemek ad\u0131na \u00e7al\u0131\u015f\u0131yoruz. Hi\u00e7 kimseye \u00f6deme yapmaks\u0131z\u0131n sizlerin paralar\u0131n\u0131 \u00f6demek i\u00e7in \u00e7al\u0131\u015f\u0131yorum. Maa\u015f hepinizin hakk\u0131, bunlar\u0131 \u00f6deyece\u011fiz. Ama ge\u00e7mi\u015fe dayal\u0131 bor\u00e7lar\u0131m\u0131 da \u00f6demek istiyorum.&#8221;<\/p>\n<p>Zaman zaman gergin anlar\u0131n da ya\u015fand\u0131\u011f\u0131 \u015fantiyede Belediye Ba\u015fkan\u0131 An\u0131l Yeti\u015fkin ve personel aras\u0131ndaki g\u00f6r\u00fc\u015fmelerden sonu\u00e7 al\u0131namazken, personeller eylemlerini s\u00fcrd\u00fcr\u00fcyor.<br \/><\/p>\n","protected":false},"excerpt":{"rendered":"<p>Efeler Belediyesi\u2019ne ait EFEBEL \u015firketinin \u00e7al\u0131\u015fanlar\u0131 maa\u015flar\u0131n\u0131n eksik \u00f6dendi\u011fi gerek\u00e7esiyle i\u015f b\u0131rakma eylemi ger\u00e7ekle\u015ftirirken Efeler Belediye Ba\u015fkan\u0131 An\u0131l Yeti\u015fkin i\u015f\u00e7ilerle bir aya geldi. Ba\u015fkan Yeti\u015fkin, &#8220;Maa\u015f hepinizin hakk\u0131, bunlar\u0131 \u00f6deyece\u011fiz. Ama ge\u00e7mi\u015fe dayal\u0131 bor\u00e7lar\u0131m\u0131 da \u00f6demek istiyorum. Hepimizin ortak gayesi Efeler\u2019e hizmet&#8221; dedi. Edinilen bilgiye g\u00f6re, sabah\u0131n erken saatlerinde Kocag\u00fcr\u2019deki \u015fantiyeye gelen i\u015f\u00e7iler, hesaplar\u0131na yatan&#8230;<\/p>\n","protected":false},"author":1,"featured_media":19212,"comment_status":"open","ping_status":"open","sticky":false,"template":"","format":"standard","meta":{"_crdt_document":"","footnotes":""},"categories":[1],"tags":[],"class_list":["post-19211","post","type-post","status-publish","format-standard","has-post-thumbnail","hentry","category-guncel"],"_links":{"self":[{"href":"https:\/\/www.egemtv.com\/index.php?rest_route=\/wp\/v2\/posts\/19211","targetHints":{"allow":["GET"]}}],"collection":[{"href":"https:\/\/www.egemtv.com\/index.php?rest_route=\/wp\/v2\/posts"}],"about":[{"href":"https:\/\/www.egemtv.com\/index.php?rest_route=\/wp\/v2\/types\/post"}],"author":[{"embeddable":true,"href":"https:\/\/www.egemtv.com\/index.php?rest_route=\/wp\/v2\/users\/1"}],"replies":[{"embeddable":true,"href":"https:\/\/www.egemtv.com\/index.php?rest_route=%2Fwp%2Fv2%2Fcomments&post=19211"}],"version-history":[{"count":1,"href":"https:\/\/www.egemtv.com\/index.php?rest_route=\/wp\/v2\/posts\/19211\/revisions"}],"predecessor-version":[{"id":19213,"href":"https:\/\/www.egemtv.com\/index.php?rest_route=\/wp\/v2\/posts\/19211\/revisions\/19213"}],"wp:featuredmedia":[{"embeddable":true,"href":"https:\/\/www.egemtv.com\/index.php?rest_route=\/wp\/v2\/media\/19212"}],"wp:attachment":[{"href":"https:\/\/www.egemtv.com\/index.php?rest_route=%2Fwp%2Fv2%2Fmedia&parent=19211"}],"wp:term":[{"taxonomy":"category","embeddable":true,"href":"https:\/\/www.egemtv.com\/index.php?rest_route=%2Fwp%2Fv2%2Fcategories&post=19211"},{"taxonomy":"post_tag","embeddable":true,"href":"https:\/\/www.egemtv.com\/index.php?rest_route=%2Fwp%2Fv2%2Ftags&post=19211"}],"curies":[{"name":"wp","href":"https:\/\/api.w.org\/{rel}","templated":true}]}}