{"id":19202,"date":"2025-02-15T15:46:26","date_gmt":"2025-02-15T12:46:26","guid":{"rendered":"https:\/\/www.egemtv.com\/?p=19202"},"modified":"2025-02-15T15:46:30","modified_gmt":"2025-02-15T12:46:30","slug":"denizlide-fetonun-3-emanetcisi-tutuklandi","status":"publish","type":"post","link":"https:\/\/www.egemtv.com\/?p=19202","title":{"rendered":"Denizli\u2019de FET\u00d6\u2019n\u00fcn 3 \u2019emanet\u00e7i\u2019si tutukland\u0131"},"content":{"rendered":"<p>Denizli\u2019de FET\u00d6 \u00fcyelerinin yurt d\u0131\u015f\u0131na ka\u00e7\u0131\u015flar\u0131n\u0131 organize eden ve \u2019emanet\u00e7i\u2019 olarak bilinen 7 \u015f\u00fcpheli yakaland\u0131, 3\u2019\u00fc tutukland\u0131.<br \/>\n<br \/>Denizli Emniyet M\u00fcd\u00fcrl\u00fc\u011f\u00fcne ba\u011fl\u0131 Ter\u00f6rle M\u00fccadele (TEM) \u015eube M\u00fcd\u00fcrl\u00fc\u011f\u00fc ekipleri, \u2019FET\u00d6\/PDY silahl\u0131 ter\u00f6r \u00f6rg\u00fct\u00fcne \u00fcye olmak\u2019 su\u00e7undan aranan \u015fah\u0131slar\u0131n illegal \u015fekilde yurt d\u0131\u015f\u0131na \u00e7\u0131k\u0131\u015flar\u0131n\u0131 organize eden \u015f\u00fcphelilere y\u00f6nelik operasyon d\u00fczenledi. \u2018Emanet\u00e7i\u2019 konumundaki 7 \u015f\u00fcphelinin kimliklerini belirleyen TEM ekipleri \u015f\u00fcphelilere y\u00f6nelik operasyon d\u00fczenledi. Operasyon kapsam\u0131nda 7 \u015f\u00fcpheli k\u0131sk\u0131vrak yakaland\u0131. Emniyetteki i\u015flemlerinin ard\u0131ndan adliyeye sevk edilen 7 \u015f\u00fcpheliden 3\u2019\u00fc tutuklan\u0131rken, 4\u2019\u00fc adli kontrol \u015fart\u0131yla serbest b\u0131rak\u0131ld\u0131.<br \/><\/p>\n","protected":false},"excerpt":{"rendered":"<p>Denizli\u2019de FET\u00d6 \u00fcyelerinin yurt d\u0131\u015f\u0131na ka\u00e7\u0131\u015flar\u0131n\u0131 organize eden ve \u2019emanet\u00e7i\u2019 olarak bilinen 7 \u015f\u00fcpheli yakaland\u0131, 3\u2019\u00fc tutukland\u0131. Denizli Emniyet M\u00fcd\u00fcrl\u00fc\u011f\u00fcne ba\u011fl\u0131 Ter\u00f6rle M\u00fccadele (TEM) \u015eube M\u00fcd\u00fcrl\u00fc\u011f\u00fc ekipleri, \u2019FET\u00d6\/PDY silahl\u0131 ter\u00f6r \u00f6rg\u00fct\u00fcne \u00fcye olmak\u2019 su\u00e7undan aranan \u015fah\u0131slar\u0131n illegal \u015fekilde yurt d\u0131\u015f\u0131na \u00e7\u0131k\u0131\u015flar\u0131n\u0131 organize eden \u015f\u00fcphelilere y\u00f6nelik operasyon d\u00fczenledi. \u2018Emanet\u00e7i\u2019 konumundaki 7 \u015f\u00fcphelinin kimliklerini belirleyen TEM ekipleri&#8230;<\/p>\n","protected":false},"author":1,"featured_media":19203,"comment_status":"open","ping_status":"open","sticky":false,"template":"","format":"standard","meta":{"_crdt_document":"","footnotes":""},"categories":[5],"tags":[],"class_list":["post-19202","post","type-post","status-publish","format-standard","has-post-thumbnail","hentry","category-asayis"],"_links":{"self":[{"href":"https:\/\/www.egemtv.com\/index.php?rest_route=\/wp\/v2\/posts\/19202","targetHints":{"allow":["GET"]}}],"collection":[{"href":"https:\/\/www.egemtv.com\/index.php?rest_route=\/wp\/v2\/posts"}],"about":[{"href":"https:\/\/www.egemtv.com\/index.php?rest_route=\/wp\/v2\/types\/post"}],"author":[{"embeddable":true,"href":"https:\/\/www.egemtv.com\/index.php?rest_route=\/wp\/v2\/users\/1"}],"replies":[{"embeddable":true,"href":"https:\/\/www.egemtv.com\/index.php?rest_route=%2Fwp%2Fv2%2Fcomments&post=19202"}],"version-history":[{"count":1,"href":"https:\/\/www.egemtv.com\/index.php?rest_route=\/wp\/v2\/posts\/19202\/revisions"}],"predecessor-version":[{"id":19204,"href":"https:\/\/www.egemtv.com\/index.php?rest_route=\/wp\/v2\/posts\/19202\/revisions\/19204"}],"wp:featuredmedia":[{"embeddable":true,"href":"https:\/\/www.egemtv.com\/index.php?rest_route=\/wp\/v2\/media\/19203"}],"wp:attachment":[{"href":"https:\/\/www.egemtv.com\/index.php?rest_route=%2Fwp%2Fv2%2Fmedia&parent=19202"}],"wp:term":[{"taxonomy":"category","embeddable":true,"href":"https:\/\/www.egemtv.com\/index.php?rest_route=%2Fwp%2Fv2%2Fcategories&post=19202"},{"taxonomy":"post_tag","embeddable":true,"href":"https:\/\/www.egemtv.com\/index.php?rest_route=%2Fwp%2Fv2%2Ftags&post=19202"}],"curies":[{"name":"wp","href":"https:\/\/api.w.org\/{rel}","templated":true}]}}