{"id":19199,"date":"2025-02-15T15:34:28","date_gmt":"2025-02-15T12:34:28","guid":{"rendered":"https:\/\/www.egemtv.com\/?p=19199"},"modified":"2025-02-15T15:34:33","modified_gmt":"2025-02-15T12:34:33","slug":"goztepede-100-yil-basin-lansmani-gerceklestirildi","status":"publish","type":"post","link":"https:\/\/www.egemtv.com\/?p=19199","title":{"rendered":"G\u00f6ztepe\u2019de 100. y\u0131l bas\u0131n lansman\u0131 ger\u00e7ekle\u015ftirildi"},"content":{"rendered":"<p>G\u00f6ztepe Spor Kul\u00fcb\u00fc\u2019n\u00fcn 100. y\u0131l bas\u0131n lansman\u0131, G\u00fcrsel Aksel Stadyumu\u2019nda ger\u00e7ekle\u015ftirildi. Toplant\u0131da konu\u015fan G\u00f6ztepe Onursal Ba\u015fkan\u0131 Mehmet Sepil, &#8220;Bug\u00fcn burada hepimiz 100. y\u0131l me\u015falesini yakmak i\u00e7in hep birlikteyiz&#8221; dedi.<br \/>\n<br \/>T\u00fcrkiye\u2019nin en k\u00f6kl\u00fc kul\u00fcplerinden birisi olan G\u00f6ztepe\u2019de, 100. y\u0131l bas\u0131n lansman\u0131 yap\u0131ld\u0131. 14 Haziran 1925\u2019te kurulan sar\u0131-k\u0131rm\u0131z\u0131l\u0131lar, G\u00fcrsel Aksel Stadyumu\u2019nda yapt\u0131\u011f\u0131 programla 100. ya\u015f\u0131n\u0131n me\u015falesini yakt\u0131. \u0130zmir ekibi, \u00f6zel olarak \u00fcretilen formalarla yine bu sezona \u00f6zel olarak tasarlan\u0131p, taraftar\u0131n oylar\u0131yla belirlenen logoyu da etkinlikte g\u00f6r\u00fcc\u00fcye \u00e7\u0131kard\u0131.<br \/>\n<br \/>100. y\u0131l organizasyonuna \u0130zmir Valisi S\u00fcleyman Elvan, \u0130zmir B\u00fcy\u00fck\u015fehir Belediye Ba\u015fkan\u0131 Cemil Tugay, G\u00f6ztepe Onursal Ba\u015fkan Mehmet Sepil, AK Parti Genel Ba\u015fkan Yard\u0131mc\u0131s\u0131 Hamza Da\u011f, \u0130zmir AK Parti Milletvekilleri Mehmet Kasapo\u011flu, Mahmut Atilla Kaya, Ceyda B\u00f6l\u00fcnmez \u00c7ank\u0131r\u0131, A tak\u0131m oyuncular\u0131, gen\u00e7 sporcular ve taraftarlar kat\u0131l\u0131m g\u00f6sterdi.<br \/>\n<br \/>Organizasyonda ilk konu\u015fmay\u0131 yapan G\u00f6ztepe Onursal Ba\u015fkan Mehmet Sepil, \u00e7ok b\u00fcy\u00fck bir gurur ya\u015fad\u0131klar\u0131n\u0131 dile getirdi. Burada 100. y\u0131l me\u015falesini yakmak i\u00e7in topland\u0131klar\u0131n\u0131 hat\u0131rlatan Sepil, &#8220;Bulundu\u011fumuz bu mekan benim \u00e7ocuklu\u011fumun ge\u00e7ti\u011fi yere sadece birka\u00e7 y\u00fcz metre \u00f6tede, bug\u00fcn burada \u00e7ok g\u00fczel bir stat var, sa\u011f olsun burada eme\u011fi ge\u00e7en herkese \u00e7ok te\u015fekk\u00fcr ediyorum. Burada olup eme\u011fi ge\u00e7en \u00e7ok ki\u015fi var ama \u00f6zellikle olmad\u0131\u011f\u0131 i\u00e7in s\u00f6ylemek istiyorum Say\u0131n Binali Y\u0131ld\u0131r\u0131m aram\u0131zda de\u011fil ama Ba\u015fbakan\u0131m\u0131z\u0131n \u00e7ok b\u00fcy\u00fck eme\u011fi var&#8221; dedi.<\/p>\n<p>Mehmet Sepil: &#8220;Bu g\u00fczel stadyumda bug\u00fcn\u00fcn me\u015falesini yak\u0131yoruz&#8221;<br \/>\n<br \/>Stadyumda bug\u00fcn\u00fcn me\u015falesini yakt\u0131klar\u0131n\u0131 ifade eden Sepil, &#8220;Bu bulundu\u011fumuz yer G\u00f6ztepe tarihinin en \u00f6nemli yerlerinden biridir. Sadece stadyum yap\u0131lmas\u0131 de\u011fil, onun \u00f6ncesinde de bu y\u00fczy\u0131l\u0131n \u00e7ok \u00f6nemli bir b\u00f6l\u00fcm\u00fcnde bizim mahallenin G\u00f6ztepeli sporcular\u0131n \u00f6zellikle G\u00fcrsel Aksel gibi Halil Kiraz gibi Ali Artuner gibi Fevzi Zemzem gibi sporcular\u0131n kramponlar\u0131n\u0131n izlerini ta\u015f\u0131r burada bulundu\u011fumuz yer. Onlar\u0131 ayn\u0131 zamanda b\u00fct\u00fcn b\u00f6lge halk\u0131n\u0131n da sporuna a\u00e7\u0131k bir noktayd\u0131 buras\u0131. Burada ayn\u0131 zamanda tenis ve salon sporlar\u0131 yap\u0131yorduk. \u015eimdi G\u00f6ztepe\u2019nin mabedi olarak tarihteki yerini ald\u0131. \u015eu an \u00f6n\u00fcmde gen\u00e7 G\u00f6ztepeli sporculara bakt\u0131\u011f\u0131mda art\u0131k 100. y\u0131l\u0131ndan, 2. y\u00fczy\u0131l\u0131na y\u00fcr\u00fcyen G\u00f6ztepe\u2019nin ileride neler yapabilece\u011fini \u00e7ok a\u00e7\u0131k bir \u015fekilde g\u00f6rebiliyorum&#8221; diye konu\u015ftu.<\/p>\n<p>Cemil Tugay: &#8220;Nice 100 y\u0131llara&#8221;<br \/>\n<br \/>Herkesi selamlayarak konu\u015fmas\u0131na ba\u015flayan \u0130zmir B\u00fcy\u00fck\u015fehir Belediye Ba\u015fkan\u0131 Cemil Tugay: &#8220;Mehmet Sepil ba\u015fkan\u0131m biraz \u00f6nce \u00e7ocuklu\u011funun biraz birka\u00e7 y\u00fcz metre ileride ge\u00e7ti\u011fini s\u00f6yledi, benim de \u00e7ocuklu\u011fum birka\u00e7 y\u00fcz metre ileri ge\u00e7ti. Dolay\u0131s\u0131yla G\u00f6ztepe\u2019nin \u015fanl\u0131 tarihinin bir b\u00f6l\u00fcm\u00fcn\u00fc yak\u0131ndan izleme g\u00f6zleme ve ba\u015far\u0131lar\u0131na \u015fahit olarak ya\u015fama \u015fans\u0131 buldum. \u0130zmir\u2019in spor tarihinde yeri doldurulamaz bir paya sahiptir. \u0130zmir\u2019in bug\u00fcn S\u00fcper Lig\u2019de tek temsilcisi olan kul\u00fcp olarak ama ayn\u0131 zamanda 16 bran\u015fta pek \u00e7ok amat\u00f6r sporcunun yeti\u015fmesini \u00e7ok de\u011ferli katk\u0131 veren bir kul\u00fcp olarak hepimizin gururlu ifade etmek isterim. G\u00f6ztepe\u2019nin sporcu gen\u00e7leri, \u00e7ocuklar\u0131 hepimizin gururu. 100. y\u0131l\u0131n\u0131z kutlu olsun. Mehmet Sepil ba\u015fkan\u0131m\u0131z\u0131n s\u00f6yledi\u011fi G\u00f6ztepe k\u00fclt\u00fcr\u00fcn\u00fcn ne oldu\u011funu \u00e7ok iyi bilen bir \u0130zmirli olarak, \u0130zmir B\u00fcy\u00fck\u015fehir Belediyesi\u2019nin bug\u00fcnk\u00fc ba\u015fkan\u0131 olarak Atat\u00fcrk\u2019\u00fcn izinde olan G\u00f6ztepelileri selaml\u0131yorum nice 100 y\u0131llara y\u00fczy\u0131llara&#8221; diyerek s\u00f6zlerini noktalad\u0131.<\/p>\n<p>Mehmet Muharrem Kasapo\u011flu: &#8220;Burada gurur tablosu var&#8221;<br \/>\n<br \/>AK Parti \u0130zmir Milletvekili ve Eski Gen\u00e7lik ve Spor Bakan\u0131 Kasapo\u011flu ise, &#8220;\u00c7ok de\u011ferli konuklar var \u00e7ok \u00f6zel bir mekan T\u00fcrkiye\u2019nin de\u011fil, d\u00fcnyan\u0131n en g\u00fczel stadyumlar\u0131ndan birindeyiz. Hep birlikteyiz, bir arada heyecanl\u0131y\u0131z, mutluyuz, umutluyuz. \u0130\u015fte bu gen\u00e7ler birbirinden heyecanl\u0131, \u0131\u015f\u0131k sa\u00e7an umut vadeden gen\u00e7ler, sporcular var aram\u0131zda. T\u00fcrkiye\u2019nin gururu olan T\u00fcrkiye\u2019yi \u015fanl\u0131 bayra\u011f\u0131 dalgaland\u0131racak olan birbirinden de\u011ferli y\u0131ld\u0131zlar var, iampiyonlar var. Tabii bu \u015fampiyonlar\u0131n arkas\u0131nda g\u00fc\u00e7l\u00fc bir \u015fekilde duran veliler var, anneler var, babalar var. Gece demeden, g\u00fcnd\u00fcz demeden antrenmanlarda m\u00fcsabakalarda her \u015feyiyle bu p\u0131r\u0131l p\u0131r\u0131l \u00e7ocuklar\u0131n yan\u0131nda olan annelerin babalar\u0131 selaml\u0131yorum. \u0130\u015fte bu tablo T\u00fcrkiye\u2019nin yar\u0131n\u0131n ayd\u0131nl\u0131k olaca\u011f\u0131n\u0131n tablosu, gurur tablosu. G\u00f6ztepe sadece bir futbol kul\u00fcb\u00fc de\u011fil, cimnasti\u011fiyle, atletizmiyle t\u00fcm bran\u015flar\u0131yla \u00f6rnek bir kul\u00fcp. Elini ta\u015f\u0131n alt\u0131na koyan y\u00f6neticileriyle \u00f6rnek bir y\u00f6netim sergileyen kul\u00fcp. O y\u00fczden bu g\u00fczel tabloda eme\u011fi olan de\u011ferli G\u00f6ztepe y\u00f6netimini, de\u011ferli ba\u015fkan\u0131m ba\u015fta olmak \u00fczere bu tabloya emek veren herkesi, bu g\u00fczide stadyum hepimizin gururu ba\u015fta Say\u0131n Cumhurba\u015fkan\u0131m\u0131z olmak \u00fczere emek veren herkesi g\u00f6n\u00fclden tebrik ediyor. \u0130zmir bir spor \u015fehri, \u0130zmir kul\u00fcpleriyle sporcular\u0131yla birbirinden fedakar velileriyle, halk\u0131yla T\u00fcrkiye\u2019nin sporuna y\u00f6n veren bir \u015fehir. O y\u00fczden \u0130zmir\u2019den inan\u0131yoruz ki yar\u0131nlar\u0131n olimpiyat \u015fampiyonlar\u0131n\u0131, futboluyla, basketboluyla, voleyboluyla, tak\u0131m bran\u015flar\u0131yla yar\u0131nlar\u0131n \u015fampiyon kul\u00fcplerini in\u015fallah hep birlikte g\u00f6rece\u011fiz. G\u00f6ztepe tabii ki \u0130zmir\u2019deki di\u011fer kul\u00fcplerimiz gibi \u00f6nc\u00fc bir kul\u00fcp olarak nice y\u0131llara nice y\u00fczy\u0131llara y\u00fcr\u00fcyecek. G\u00f6ztepemizin 100. y\u0131l\u0131n\u0131 kutluyorum. \u2019G\u00f6z G\u00f6ze 100 sene\u2019 diyorum&#8221; ifadelerini kulland\u0131.<\/p>\n<p>\u0130zmir Valisi S\u00fcleyman Elban: &#8220;Mehmet Sepil, farkl\u0131l\u0131k getirdi&#8221;<br \/>\n<br \/>Yaz\u0131n ger\u00e7ekle\u015fecek olan b\u00fcy\u00fck bir etkinli\u011fin me\u015falesini yakt\u0131klar\u0131n\u0131 dile getiren \u0130zmir Valisi S\u00fcleyman Elban de, &#8220;14 Haziran\u2019da zirveye ula\u015facak etkinlikler dizisinin ba\u015flang\u0131c\u0131n\u0131 veriyoruz. Mehmet Sepil\u2019in getirmi\u015f oldu\u011fu farkl\u0131l\u0131\u011f\u0131, \u00f6zel tarz\u0131 g\u00f6r\u00fcyoruz. Bir\u00e7ok kul\u00fcb\u00fcn \u00f6zel g\u00fcnleri var ama kendi tarihine, ba\u015far\u0131s\u0131na yak\u0131\u015f\u0131r kutlama b\u00f6yle olur. G\u00f6ztepe S\u00fcper Lig\u2019de yer ald\u0131\u011f\u0131 i\u00e7in futbola yeni anlay\u0131\u015f getirdi. T\u00fcm bran\u015flarda, t\u00fcm gen\u00e7leri ve t\u00fcm bile\u015fenleri sporun i\u00e7ine katt\u0131. G\u00f6ztepe\u2019nin sadece bir futbol de\u011fil bir spor kul\u00fcb\u00fc oldu\u011funu g\u00f6sterdi\u011fi i\u00e7in Mehmet Sepil\u2019e te\u015fekk\u00fcr ediyorum&#8221; a\u00e7\u0131klamas\u0131nda bulundu.<\/p>\n<p>Hamza Da\u011f: &#8220;Bu stad\u0131n ortaya \u00e7\u0131kmas\u0131n da Mehmet Sepil ta\u015f\u0131n alt\u0131na elini koydu&#8221;<br \/>\n<br \/>G\u00f6ztepe\u2019nin ikinci y\u00fcz y\u0131l\u0131na gururla y\u00fcr\u00fcd\u00fc\u011f\u00fcn\u00fc s\u00f6yleyen AK Parti Genel Ba\u015fkan Yard\u0131mc\u0131s\u0131 Hamza Da\u011f, &#8220;G\u00f6ztepe yeni y\u00fczy\u0131lda bizim g\u00f6\u011fs\u00fcm\u00fcz\u00fc ayd\u0131nlatacakt\u0131r. Evlatlar\u0131m\u0131z her alanda spor faaliyetlerinde bulunuyorlar. Binlerce, y\u00fczlerce gen\u00e7 karde\u015flerim yar\u0131nlarda G\u00f6ztepe\u2019ye \u015fampiyonluklar kazand\u0131racakt\u0131r. Gen\u00e7lerimizin \u00fclkemize madalyalar kazand\u0131raca\u011f\u0131ndan hi\u00e7 \u015f\u00fcphem yok. Ben 2011 y\u0131l\u0131nda bu \u015fehirde milletvekili oldum, her kul\u00fcb\u00fcm\u00fcz\u00fcn talebini geri \u00e7evirmemeye gayret ettik. Bu stad\u0131n ortaya \u00e7\u0131kmas\u0131n da Mehmet Sepil ta\u015f\u0131n alt\u0131na elini koydu. Cumhurba\u015fkan\u0131m\u0131z ve Eski Ba\u015fbakan\u0131m\u0131z Binali Y\u0131ld\u0131r\u0131m \u00f6nderli\u011finde bu stad\u0131 kazand\u0131rd\u0131k. Bize ne zaman makul taleplerle gelinirse sonuna kadar arkas\u0131nday\u0131z&#8221; dedi.<br \/><\/p>\n","protected":false},"excerpt":{"rendered":"<p>G\u00f6ztepe Spor Kul\u00fcb\u00fc\u2019n\u00fcn 100. y\u0131l bas\u0131n lansman\u0131, G\u00fcrsel Aksel Stadyumu\u2019nda ger\u00e7ekle\u015ftirildi. Toplant\u0131da konu\u015fan G\u00f6ztepe Onursal Ba\u015fkan\u0131 Mehmet Sepil, &#8220;Bug\u00fcn burada hepimiz 100. y\u0131l me\u015falesini yakmak i\u00e7in hep birlikteyiz&#8221; dedi. T\u00fcrkiye\u2019nin en k\u00f6kl\u00fc kul\u00fcplerinden birisi olan G\u00f6ztepe\u2019de, 100. y\u0131l bas\u0131n lansman\u0131 yap\u0131ld\u0131. 14 Haziran 1925\u2019te kurulan sar\u0131-k\u0131rm\u0131z\u0131l\u0131lar, G\u00fcrsel Aksel Stadyumu\u2019nda yapt\u0131\u011f\u0131 programla 100. ya\u015f\u0131n\u0131n me\u015falesini yakt\u0131&#8230;.<\/p>\n","protected":false},"author":1,"featured_media":19200,"comment_status":"open","ping_status":"open","sticky":false,"template":"","format":"standard","meta":{"_crdt_document":"","footnotes":""},"categories":[4],"tags":[],"class_list":["post-19199","post","type-post","status-publish","format-standard","has-post-thumbnail","hentry","category-spor"],"_links":{"self":[{"href":"https:\/\/www.egemtv.com\/index.php?rest_route=\/wp\/v2\/posts\/19199","targetHints":{"allow":["GET"]}}],"collection":[{"href":"https:\/\/www.egemtv.com\/index.php?rest_route=\/wp\/v2\/posts"}],"about":[{"href":"https:\/\/www.egemtv.com\/index.php?rest_route=\/wp\/v2\/types\/post"}],"author":[{"embeddable":true,"href":"https:\/\/www.egemtv.com\/index.php?rest_route=\/wp\/v2\/users\/1"}],"replies":[{"embeddable":true,"href":"https:\/\/www.egemtv.com\/index.php?rest_route=%2Fwp%2Fv2%2Fcomments&post=19199"}],"version-history":[{"count":1,"href":"https:\/\/www.egemtv.com\/index.php?rest_route=\/wp\/v2\/posts\/19199\/revisions"}],"predecessor-version":[{"id":19201,"href":"https:\/\/www.egemtv.com\/index.php?rest_route=\/wp\/v2\/posts\/19199\/revisions\/19201"}],"wp:featuredmedia":[{"embeddable":true,"href":"https:\/\/www.egemtv.com\/index.php?rest_route=\/wp\/v2\/media\/19200"}],"wp:attachment":[{"href":"https:\/\/www.egemtv.com\/index.php?rest_route=%2Fwp%2Fv2%2Fmedia&parent=19199"}],"wp:term":[{"taxonomy":"category","embeddable":true,"href":"https:\/\/www.egemtv.com\/index.php?rest_route=%2Fwp%2Fv2%2Fcategories&post=19199"},{"taxonomy":"post_tag","embeddable":true,"href":"https:\/\/www.egemtv.com\/index.php?rest_route=%2Fwp%2Fv2%2Ftags&post=19199"}],"curies":[{"name":"wp","href":"https:\/\/api.w.org\/{rel}","templated":true}]}}