{"id":19196,"date":"2025-02-15T15:14:19","date_gmt":"2025-02-15T12:14:19","guid":{"rendered":"https:\/\/www.egemtv.com\/?p=19196"},"modified":"2025-02-15T15:14:23","modified_gmt":"2025-02-15T12:14:23","slug":"bosanma-asamasindaki-kadin-sanayiyi-savas-alanina-cevirdi","status":"publish","type":"post","link":"https:\/\/www.egemtv.com\/?p=19196","title":{"rendered":"Bo\u015fanma a\u015famas\u0131ndaki kad\u0131n sanayiyi sava\u015f alan\u0131na \u00e7evirdi"},"content":{"rendered":"<p>Denizli\u2019de bo\u015fanma a\u015famas\u0131ndaki e\u015fine \u00f6fkelenen kad\u0131n sanayiyi sava\u015f alan\u0131na \u00e7evirdi. E\u015finin ve park halindeki di\u011fer ara\u00e7lara da zarar veren kad\u0131na ehliyetsiz ara\u00e7 kullanmaktan ceza yaz\u0131l\u0131rken, arac\u0131 da trafikten men edildi.<br \/>\n<br \/>Denizli\u2019de 2 ayd\u0131r bo\u015fanma a\u015famas\u0131nda olduklar\u0131 \u00f6\u011frenilen Zehra E., birka\u00e7 g\u00fcnd\u00fcr kendisini \u00f6fkelendiren e\u015fi Halil M.\u2019nin eski \u00e7al\u0131\u015ft\u0131\u011f\u0131 i\u015fyerinde oldu\u011funu \u00f6\u011frenerek adrese gitti. Halil M.\u2019nin hareketlerine daha da \u00f6fkelenen Zehra E., sevgililer g\u00fcn\u00fcnde sanayiyi sava\u015f alan\u0131na \u00e7evirdi. Zehra E., ile bo\u015fanma a\u015famas\u0131ndaki e\u015fi Halil M., aralar\u0131nda tart\u0131\u015fma \u00e7\u0131kt\u0131. \u00d6fkesine yenik d\u00fc\u015fen Zehra E., 20 AER 392 plakal\u0131 arac\u0131yla Halil M.\u2019ye ait ve park halindeki ara\u00e7lara defalarca \u00e7arpt\u0131. B\u00f6lgede bulunan vatanda\u015flar taraf\u0131ndan kaydedilen g\u00f6r\u00fcnt\u00fclerde tekrar tekrar Halil M.\u2019nin arac\u0131n\u0131n bulundu\u011fu i\u015fyerine gelen Zehra E., ara\u00e7lara \u00e7arparak uzakla\u015ft\u0131. Bir ara ara\u00e7tan inen Zehra E., ile Halil M., aras\u0131nda s\u00f6zl\u00fc tart\u0131\u015fma da ya\u015fand\u0131. Tekrar arac\u0131na binen Zehra E., yine Halil M., ve park halindeki ara\u00e7lara \u00e7arpt\u0131. Zehra E.\u2019yi durdurmak isteyen Halil M., ise arac\u0131n cam\u0131n\u0131 k\u0131rarak durdurmaya \u00e7al\u0131\u015ft\u0131.<br \/>\n<br \/>\u0130hbar \u00fczerine b\u00f6lgeye \u00e7ok say\u0131da polis ekibi sevk edildi. Yap\u0131lan kontrollerde ehliyetsiz oldu\u011fu anla\u015f\u0131lan Zehra E.\u2019ye 18 bin TL ceza yaz\u0131l\u0131rken, arac\u0131 ise trafikten men edildi. Zehra E., hakk\u0131nda mala zarar vermek, kasten yaralama ve hakaret su\u00e7undan da hakk\u0131nda i\u015flem yap\u0131ld\u0131\u011f\u0131 \u00f6\u011frenildi.<br \/>\n<br \/>Olay\u0131n g\u00f6rg\u00fc \u015fahitlerinden Fettah Y\u0131lmaz, &#8220;D\u00fcn arac\u0131m\u0131 sanayiye g\u00f6t\u00fcrd\u00fc\u011f\u00fcmde bu olaya \u015fahit oldum. Bir kad\u0131n ile erke\u011fin aralar\u0131nda tart\u0131\u015fmalar\u0131na \u015fahit oldum. Kad\u0131n sinirliydi. \u00d6\u011frendi\u011fim kadar\u0131yla bo\u015fanma a\u015famas\u0131ndaki e\u015fiydi. Aralar\u0131nda nas\u0131l bir tart\u0131\u015fma vard\u0131 bilmiyorum. Daha sonra polisler gelince herkes sakinle\u015fti&#8221; dedi.<br \/><\/p>\n","protected":false},"excerpt":{"rendered":"<p>Denizli\u2019de bo\u015fanma a\u015famas\u0131ndaki e\u015fine \u00f6fkelenen kad\u0131n sanayiyi sava\u015f alan\u0131na \u00e7evirdi. E\u015finin ve park halindeki di\u011fer ara\u00e7lara da zarar veren kad\u0131na ehliyetsiz ara\u00e7 kullanmaktan ceza yaz\u0131l\u0131rken, arac\u0131 da trafikten men edildi. Denizli\u2019de 2 ayd\u0131r bo\u015fanma a\u015famas\u0131nda olduklar\u0131 \u00f6\u011frenilen Zehra E., birka\u00e7 g\u00fcnd\u00fcr kendisini \u00f6fkelendiren e\u015fi Halil M.\u2019nin eski \u00e7al\u0131\u015ft\u0131\u011f\u0131 i\u015fyerinde oldu\u011funu \u00f6\u011frenerek adrese gitti. Halil M.\u2019nin&#8230;<\/p>\n","protected":false},"author":1,"featured_media":19197,"comment_status":"open","ping_status":"open","sticky":false,"template":"","format":"standard","meta":{"_crdt_document":"","footnotes":""},"categories":[5],"tags":[],"class_list":["post-19196","post","type-post","status-publish","format-standard","has-post-thumbnail","hentry","category-asayis"],"_links":{"self":[{"href":"https:\/\/www.egemtv.com\/index.php?rest_route=\/wp\/v2\/posts\/19196","targetHints":{"allow":["GET"]}}],"collection":[{"href":"https:\/\/www.egemtv.com\/index.php?rest_route=\/wp\/v2\/posts"}],"about":[{"href":"https:\/\/www.egemtv.com\/index.php?rest_route=\/wp\/v2\/types\/post"}],"author":[{"embeddable":true,"href":"https:\/\/www.egemtv.com\/index.php?rest_route=\/wp\/v2\/users\/1"}],"replies":[{"embeddable":true,"href":"https:\/\/www.egemtv.com\/index.php?rest_route=%2Fwp%2Fv2%2Fcomments&post=19196"}],"version-history":[{"count":1,"href":"https:\/\/www.egemtv.com\/index.php?rest_route=\/wp\/v2\/posts\/19196\/revisions"}],"predecessor-version":[{"id":19198,"href":"https:\/\/www.egemtv.com\/index.php?rest_route=\/wp\/v2\/posts\/19196\/revisions\/19198"}],"wp:featuredmedia":[{"embeddable":true,"href":"https:\/\/www.egemtv.com\/index.php?rest_route=\/wp\/v2\/media\/19197"}],"wp:attachment":[{"href":"https:\/\/www.egemtv.com\/index.php?rest_route=%2Fwp%2Fv2%2Fmedia&parent=19196"}],"wp:term":[{"taxonomy":"category","embeddable":true,"href":"https:\/\/www.egemtv.com\/index.php?rest_route=%2Fwp%2Fv2%2Fcategories&post=19196"},{"taxonomy":"post_tag","embeddable":true,"href":"https:\/\/www.egemtv.com\/index.php?rest_route=%2Fwp%2Fv2%2Ftags&post=19196"}],"curies":[{"name":"wp","href":"https:\/\/api.w.org\/{rel}","templated":true}]}}