{"id":19193,"date":"2025-02-15T15:07:17","date_gmt":"2025-02-15T12:07:17","guid":{"rendered":"https:\/\/www.egemtv.com\/?p=19193"},"modified":"2025-02-15T15:07:23","modified_gmt":"2025-02-15T12:07:23","slug":"manisa-merkezli-3-ilde-suc-orgutune-operasyon-10-kisi-tutuklandi","status":"publish","type":"post","link":"https:\/\/www.egemtv.com\/?p=19193","title":{"rendered":"Manisa merkezli 3 ilde su\u00e7 \u00f6rg\u00fct\u00fcne operasyon: 10 ki\u015fi tutukland\u0131"},"content":{"rendered":"<p>Manisa \u0130l Emniyet M\u00fcd\u00fcrl\u00fc\u011f\u00fc Ka\u00e7ak\u00e7\u0131l\u0131k ve Organize Su\u00e7larla M\u00fccadele \u015eube M\u00fcd\u00fcrl\u00fc\u011f\u00fc ile Turgutlu \u0130l\u00e7e Emniyet M\u00fcd\u00fcrl\u00fc\u011f\u00fcne ba\u011fl\u0131 ekipler taraf\u0131ndan su\u00e7 i\u015flemek amac\u0131yla \u00f6rg\u00fct kurduklar\u0131 belirlenen 17 \u015f\u00fcpheli Manisa, \u0130zmir ve \u0130stanbul\u2019da 18 adrese d\u00fczenlenen e\u015f zamanl\u0131 operasyonla yakalanarak g\u00f6zalt\u0131na al\u0131nd\u0131. G\u00f6zalt\u0131na al\u0131nan \u015f\u00fcphelilerden 10\u2019u \u00e7\u0131kar\u0131ld\u0131klar\u0131 mahkemece tutuklanarak cezaevine g\u00f6nderildi.<br \/>\n<br \/>Manisa \u0130l Emniyet M\u00fcd\u00fcrl\u00fc\u011f\u00fc Ka\u00e7ak\u00e7\u0131l\u0131k ve Organize Su\u00e7larla M\u00fccadele \u015eube M\u00fcd\u00fcrl\u00fc\u011f\u00fc ile Turgutlu \u0130l\u00e7e Emniyet M\u00fcd\u00fcrl\u00fc\u011f\u00fcne ba\u011fl\u0131 ekipler Turgutlu Cumhuriyet Ba\u015fsavc\u0131l\u0131\u011f\u0131 koordinesinde, su\u00e7 i\u015flemek amac\u0131yla \u00f6rg\u00fct kurduklar\u0131 belirlenen \u015f\u00fcphelilerin yakalanmas\u0131na y\u00f6nelik operasyon d\u00fczenledi. Ya\u011fma, tefecilik, silahla yaralama, ki\u015fiyi h\u00fcrriyetinden yoksun k\u0131lma, 6136 SKM, uyu\u015fturucu madde ticareti, tehdit gibi su\u00e7lar i\u015fleyen ve A.T. ve M.I.\u2019n\u0131n liderli\u011fini yapt\u0131\u011f\u0131 su\u00e7 \u00f6rg\u00fct\u00fcn\u00fcn di\u011fer \u00fcyelerinin yakalanmas\u0131 amac\u0131yla Manisa\u2019n\u0131n Turgutlu il\u00e7esi ile \u0130zmir ve \u0130stanbul\u2019da 18 ayr\u0131 adrese e\u015f zamanl\u0131 bask\u0131n yap\u0131ld\u0131. Operasyonda 3 adet ruhsats\u0131z tabanca, 10 adet fi\u015fek, 2 adet pos cihaz\u0131, \u00e7ok say\u0131da senet ele ge\u00e7irildi. G\u00f6zalt\u0131na al\u0131nan 17 \u015f\u00fcpheli adliyeye sevk edilirken 10\u2019u \u00e7\u0131kar\u0131ld\u0131\u011f\u0131 mahkemece tutukland\u0131, 7\u2019si ise adli kontrol \u015fart\u0131yla serbest b\u0131rak\u0131ld\u0131.<br \/><\/p>\n","protected":false},"excerpt":{"rendered":"<p>Manisa \u0130l Emniyet M\u00fcd\u00fcrl\u00fc\u011f\u00fc Ka\u00e7ak\u00e7\u0131l\u0131k ve Organize Su\u00e7larla M\u00fccadele \u015eube M\u00fcd\u00fcrl\u00fc\u011f\u00fc ile Turgutlu \u0130l\u00e7e Emniyet M\u00fcd\u00fcrl\u00fc\u011f\u00fcne ba\u011fl\u0131 ekipler taraf\u0131ndan su\u00e7 i\u015flemek amac\u0131yla \u00f6rg\u00fct kurduklar\u0131 belirlenen 17 \u015f\u00fcpheli Manisa, \u0130zmir ve \u0130stanbul\u2019da 18 adrese d\u00fczenlenen e\u015f zamanl\u0131 operasyonla yakalanarak g\u00f6zalt\u0131na al\u0131nd\u0131. G\u00f6zalt\u0131na al\u0131nan \u015f\u00fcphelilerden 10\u2019u \u00e7\u0131kar\u0131ld\u0131klar\u0131 mahkemece tutuklanarak cezaevine g\u00f6nderildi. Manisa \u0130l Emniyet M\u00fcd\u00fcrl\u00fc\u011f\u00fc Ka\u00e7ak\u00e7\u0131l\u0131k ve&#8230;<\/p>\n","protected":false},"author":1,"featured_media":19194,"comment_status":"open","ping_status":"open","sticky":false,"template":"","format":"standard","meta":{"_crdt_document":"","footnotes":""},"categories":[5],"tags":[],"class_list":["post-19193","post","type-post","status-publish","format-standard","has-post-thumbnail","hentry","category-asayis"],"_links":{"self":[{"href":"https:\/\/www.egemtv.com\/index.php?rest_route=\/wp\/v2\/posts\/19193","targetHints":{"allow":["GET"]}}],"collection":[{"href":"https:\/\/www.egemtv.com\/index.php?rest_route=\/wp\/v2\/posts"}],"about":[{"href":"https:\/\/www.egemtv.com\/index.php?rest_route=\/wp\/v2\/types\/post"}],"author":[{"embeddable":true,"href":"https:\/\/www.egemtv.com\/index.php?rest_route=\/wp\/v2\/users\/1"}],"replies":[{"embeddable":true,"href":"https:\/\/www.egemtv.com\/index.php?rest_route=%2Fwp%2Fv2%2Fcomments&post=19193"}],"version-history":[{"count":1,"href":"https:\/\/www.egemtv.com\/index.php?rest_route=\/wp\/v2\/posts\/19193\/revisions"}],"predecessor-version":[{"id":19195,"href":"https:\/\/www.egemtv.com\/index.php?rest_route=\/wp\/v2\/posts\/19193\/revisions\/19195"}],"wp:featuredmedia":[{"embeddable":true,"href":"https:\/\/www.egemtv.com\/index.php?rest_route=\/wp\/v2\/media\/19194"}],"wp:attachment":[{"href":"https:\/\/www.egemtv.com\/index.php?rest_route=%2Fwp%2Fv2%2Fmedia&parent=19193"}],"wp:term":[{"taxonomy":"category","embeddable":true,"href":"https:\/\/www.egemtv.com\/index.php?rest_route=%2Fwp%2Fv2%2Fcategories&post=19193"},{"taxonomy":"post_tag","embeddable":true,"href":"https:\/\/www.egemtv.com\/index.php?rest_route=%2Fwp%2Fv2%2Ftags&post=19193"}],"curies":[{"name":"wp","href":"https:\/\/api.w.org\/{rel}","templated":true}]}}