{"id":19190,"date":"2025-02-15T15:07:12","date_gmt":"2025-02-15T12:07:12","guid":{"rendered":"https:\/\/www.egemtv.com\/?p=19190"},"modified":"2025-02-15T15:07:17","modified_gmt":"2025-02-15T12:07:17","slug":"jandarmadan-guvenlik-kask-bilgilendirmesi","status":"publish","type":"post","link":"https:\/\/www.egemtv.com\/?p=19190","title":{"rendered":"Jandarmadan \u2018G\u00fcvenlik Kask\u2019 bilgilendirmesi"},"content":{"rendered":"<p>Mu\u011fla\u2019da tescilli ara\u00e7 say\u0131s\u0131nda motosiklet ve motorlu bisiklet say\u0131s\u0131 ilk s\u0131rada yer al\u0131rken, ki\u015fi ba\u015f\u0131na d\u00fc\u015fen motosiklet ve motorlu bisiklet say\u0131s\u0131nda Mu\u011fla t\u00fcm iller aras\u0131nda da birinci s\u0131rada.<br \/>\n<br \/>2024 y\u0131l\u0131nda meydana gelen \u00f6l\u00fcml\u00fc ve yaralanmal\u0131 trafik kazalar\u0131n\u0131n yap\u0131lan analizleri sonucunda kazaya kar\u0131\u015fan ara\u00e7 cinsi olarak yakla\u015f\u0131k y\u00fczde 50 oran\u0131nda kazaya motosiklet ve motorlu bisiklet cinsi arac\u0131n kar\u0131\u015ft\u0131\u011f\u0131 tespit edildi. Kazaya kar\u0131\u015fan s\u00fcr\u00fcc\u00fc ve yolcular\u0131n Karayollar\u0131 Trafik Y\u00f6netmeli\u011finde belirtilen \u015fartlara uygun olmayan kask t\u00fcr\u00fc kulland\u0131klar\u0131 ve koruyucu ekipman kullan\u0131m\u0131n\u0131n yok denecek kadar az oldu\u011fu tespit edildi.<br \/>\n<br \/>Yap\u0131lan bilimsel \u00e7al\u0131\u015fmalar ve hastanelerden al\u0131nan veriler do\u011frultusunda kazaya kar\u0131\u015fan motosiklet ve motorlu bisiklet s\u00fcr\u00fcc\u00fc ve yolcular\u0131n\u0131n en fazla darbeyi \u00e7ene k\u0131s\u0131mlar\u0131ndan ald\u0131klar\u0131 belirlendi. Koruyucu \u00f6zelli\u011fi en fazla olan kask t\u00fcr\u00fc olan Kapal\u0131 kask\u2019 t\u00fcr\u00fc ile koruyucu ekipman kullan\u0131m\u0131n\u0131n \u00f6neminin anlat\u0131lmas\u0131 ve fark\u0131ndal\u0131k olu\u015fturulmas\u0131 amac\u0131yla Mu\u011fla \u0130l Jandarma Komutanl\u0131\u011f\u0131nca \u2018Kask\u0131n Kapal\u0131 Yolun A\u00e7\u0131k Olsun\u2019 projesi Mu\u011fla Valisi Dr. \u0130dris Akb\u0131y\u0131k\u2019\u0131n oluru ile 2,5 ayd\u0131r Mu\u011fla\u2019da uygulan\u0131yor.<br \/>\n<br \/>Proje kapsam\u0131nda motosiklet ve motorlu bisiklet s\u00fcr\u00fcc\u00fclerine da\u011f\u0131t\u0131lmak \u00fczere \u00fczerinde \u2018Kask\u0131n Kapal\u0131 Yolun A\u00e7\u0131k Olsun\u2019 kampanya ad\u0131 ile kask \u00e7e\u015fitleri ile kaza an\u0131nda s\u00fcr\u00fcc\u00fc ve yolcular\u0131n kafa b\u00f6lgesinden darbeyi ald\u0131klar\u0131 b\u00f6l\u00fcmlerin g\u00f6sterildi\u011fi g\u00f6rseller, motosiklet ve motorlu bisiklet kullan\u0131m\u0131n\u0131 esnas\u0131nda kullan\u0131lmas\u0131 gereken koruyucu ekipmanlar\u0131n g\u00f6sterildi\u011fi g\u00f6rseller, g\u00fcvenli motosiklet kullan\u0131m\u0131 videonun izlenmesi i\u00e7in olu\u015fturulan karekod, a\u015f\u0131r\u0131 ve uygun olmayan h\u0131z\u0131n etkilerinin g\u00f6sterildi\u011fi g\u00f6rseller ve a\u00e7\u0131klamalar bulunan bro\u015f\u00fcr haz\u0131rlanarak 40 bin adet bas\u0131larak Jandarma trafik timleri taraf\u0131ndan vatanda\u015flara da\u011f\u0131t\u0131m\u0131 yap\u0131l\u0131yor.<br \/><\/p>\n","protected":false},"excerpt":{"rendered":"<p>Mu\u011fla\u2019da tescilli ara\u00e7 say\u0131s\u0131nda motosiklet ve motorlu bisiklet say\u0131s\u0131 ilk s\u0131rada yer al\u0131rken, ki\u015fi ba\u015f\u0131na d\u00fc\u015fen motosiklet ve motorlu bisiklet say\u0131s\u0131nda Mu\u011fla t\u00fcm iller aras\u0131nda da birinci s\u0131rada. 2024 y\u0131l\u0131nda meydana gelen \u00f6l\u00fcml\u00fc ve yaralanmal\u0131 trafik kazalar\u0131n\u0131n yap\u0131lan analizleri sonucunda kazaya kar\u0131\u015fan ara\u00e7 cinsi olarak yakla\u015f\u0131k y\u00fczde 50 oran\u0131nda kazaya motosiklet ve motorlu bisiklet cinsi&#8230;<\/p>\n","protected":false},"author":1,"featured_media":19191,"comment_status":"open","ping_status":"open","sticky":false,"template":"","format":"standard","meta":{"_crdt_document":"","footnotes":""},"categories":[1],"tags":[],"class_list":["post-19190","post","type-post","status-publish","format-standard","has-post-thumbnail","hentry","category-guncel"],"_links":{"self":[{"href":"https:\/\/www.egemtv.com\/index.php?rest_route=\/wp\/v2\/posts\/19190","targetHints":{"allow":["GET"]}}],"collection":[{"href":"https:\/\/www.egemtv.com\/index.php?rest_route=\/wp\/v2\/posts"}],"about":[{"href":"https:\/\/www.egemtv.com\/index.php?rest_route=\/wp\/v2\/types\/post"}],"author":[{"embeddable":true,"href":"https:\/\/www.egemtv.com\/index.php?rest_route=\/wp\/v2\/users\/1"}],"replies":[{"embeddable":true,"href":"https:\/\/www.egemtv.com\/index.php?rest_route=%2Fwp%2Fv2%2Fcomments&post=19190"}],"version-history":[{"count":1,"href":"https:\/\/www.egemtv.com\/index.php?rest_route=\/wp\/v2\/posts\/19190\/revisions"}],"predecessor-version":[{"id":19192,"href":"https:\/\/www.egemtv.com\/index.php?rest_route=\/wp\/v2\/posts\/19190\/revisions\/19192"}],"wp:featuredmedia":[{"embeddable":true,"href":"https:\/\/www.egemtv.com\/index.php?rest_route=\/wp\/v2\/media\/19191"}],"wp:attachment":[{"href":"https:\/\/www.egemtv.com\/index.php?rest_route=%2Fwp%2Fv2%2Fmedia&parent=19190"}],"wp:term":[{"taxonomy":"category","embeddable":true,"href":"https:\/\/www.egemtv.com\/index.php?rest_route=%2Fwp%2Fv2%2Fcategories&post=19190"},{"taxonomy":"post_tag","embeddable":true,"href":"https:\/\/www.egemtv.com\/index.php?rest_route=%2Fwp%2Fv2%2Ftags&post=19190"}],"curies":[{"name":"wp","href":"https:\/\/api.w.org\/{rel}","templated":true}]}}