{"id":19187,"date":"2025-02-15T14:59:20","date_gmt":"2025-02-15T11:59:20","guid":{"rendered":"https:\/\/www.egemtv.com\/?p=19187"},"modified":"2025-02-15T14:59:25","modified_gmt":"2025-02-15T11:59:25","slug":"tavsanlidan-domanic-ilcesine-yuruyus-aktivitesi-icin-gittiler","status":"publish","type":"post","link":"https:\/\/www.egemtv.com\/?p=19187","title":{"rendered":"Tav\u015fanl\u0131\u2019dan, Domani\u00e7 il\u00e7esine y\u00fcr\u00fcy\u00fc\u015f aktivitesi i\u00e7in gittiler"},"content":{"rendered":"<p>K\u00fctahya\u2019n\u0131n Tav\u015fanl\u0131 il\u00e7esinden Domani\u00e7 Ka\u015fal\u0131\u00e7 g\u00fczergah\u0131na do\u011fa y\u00fcr\u00fcy\u00fc\u015f\u00fc ger\u00e7ekle\u015ftirildi. Yakla\u015f\u0131k 7 kilometrelik parkurda karla kapl\u0131 manzaralar\u0131n keyfini \u00e7\u0131karan do\u011fa severler, unutulmaz bir deneyim ya\u015fad\u0131.<br \/>\n<br \/>Tav\u015fanl\u0131 Do\u011fa Sporlar\u0131 Kul\u00fcp Ba\u015fkan\u0131 Yavuz Do\u011fanay, her hafta sonu g\u00fczel etkinlikler ge\u00e7irdiklerini belirterek, bu y\u0131l ikinci kez kar y\u00fcr\u00fcy\u00fc\u015f\u00fc yapt\u0131klar\u0131n\u0131 s\u00f6yledi. Do\u011fanay, hava durumunu takip ederek Domani\u00e7\u2019e kar ya\u011fd\u0131\u011f\u0131n\u0131 \u00f6\u011frenince rotay\u0131 bu y\u00f6ne \u00e7evirdiklerini ifade etti.<br \/>\n<br \/>Kar kal\u0131nl\u0131\u011f\u0131n\u0131n 70 ila 80 santimetreye ula\u015ft\u0131\u011f\u0131 parkurda y\u00fcr\u00fcy\u00fc\u015f, do\u011fa severler i\u00e7in zorlay\u0131c\u0131 ancak bir o kadar da keyifli bir aktivite oldu. Y\u00fcr\u00fcy\u00fc\u015fe kat\u0131lanlar, karla kapl\u0131 manzaralara hayran kald\u0131. Do\u011fa ve y\u00fcr\u00fcy\u00fc\u015f severleri etkinliklerine davet eden kul\u00fcp yetkilileri, kondisyonlar\u0131n\u0131n iyi durumda oldu\u011funu ve parkuru ba\u015far\u0131yla tamamlad\u0131klar\u0131n\u0131 belirtti.<br \/><\/p>\n","protected":false},"excerpt":{"rendered":"<p>K\u00fctahya\u2019n\u0131n Tav\u015fanl\u0131 il\u00e7esinden Domani\u00e7 Ka\u015fal\u0131\u00e7 g\u00fczergah\u0131na do\u011fa y\u00fcr\u00fcy\u00fc\u015f\u00fc ger\u00e7ekle\u015ftirildi. Yakla\u015f\u0131k 7 kilometrelik parkurda karla kapl\u0131 manzaralar\u0131n keyfini \u00e7\u0131karan do\u011fa severler, unutulmaz bir deneyim ya\u015fad\u0131. Tav\u015fanl\u0131 Do\u011fa Sporlar\u0131 Kul\u00fcp Ba\u015fkan\u0131 Yavuz Do\u011fanay, her hafta sonu g\u00fczel etkinlikler ge\u00e7irdiklerini belirterek, bu y\u0131l ikinci kez kar y\u00fcr\u00fcy\u00fc\u015f\u00fc yapt\u0131klar\u0131n\u0131 s\u00f6yledi. Do\u011fanay, hava durumunu takip ederek Domani\u00e7\u2019e kar ya\u011fd\u0131\u011f\u0131n\u0131 \u00f6\u011frenince&#8230;<\/p>\n","protected":false},"author":1,"featured_media":19188,"comment_status":"open","ping_status":"open","sticky":false,"template":"","format":"standard","meta":{"_crdt_document":"","footnotes":""},"categories":[4],"tags":[],"class_list":["post-19187","post","type-post","status-publish","format-standard","has-post-thumbnail","hentry","category-spor"],"_links":{"self":[{"href":"https:\/\/www.egemtv.com\/index.php?rest_route=\/wp\/v2\/posts\/19187","targetHints":{"allow":["GET"]}}],"collection":[{"href":"https:\/\/www.egemtv.com\/index.php?rest_route=\/wp\/v2\/posts"}],"about":[{"href":"https:\/\/www.egemtv.com\/index.php?rest_route=\/wp\/v2\/types\/post"}],"author":[{"embeddable":true,"href":"https:\/\/www.egemtv.com\/index.php?rest_route=\/wp\/v2\/users\/1"}],"replies":[{"embeddable":true,"href":"https:\/\/www.egemtv.com\/index.php?rest_route=%2Fwp%2Fv2%2Fcomments&post=19187"}],"version-history":[{"count":1,"href":"https:\/\/www.egemtv.com\/index.php?rest_route=\/wp\/v2\/posts\/19187\/revisions"}],"predecessor-version":[{"id":19189,"href":"https:\/\/www.egemtv.com\/index.php?rest_route=\/wp\/v2\/posts\/19187\/revisions\/19189"}],"wp:featuredmedia":[{"embeddable":true,"href":"https:\/\/www.egemtv.com\/index.php?rest_route=\/wp\/v2\/media\/19188"}],"wp:attachment":[{"href":"https:\/\/www.egemtv.com\/index.php?rest_route=%2Fwp%2Fv2%2Fmedia&parent=19187"}],"wp:term":[{"taxonomy":"category","embeddable":true,"href":"https:\/\/www.egemtv.com\/index.php?rest_route=%2Fwp%2Fv2%2Fcategories&post=19187"},{"taxonomy":"post_tag","embeddable":true,"href":"https:\/\/www.egemtv.com\/index.php?rest_route=%2Fwp%2Fv2%2Ftags&post=19187"}],"curies":[{"name":"wp","href":"https:\/\/api.w.org\/{rel}","templated":true}]}}