{"id":19184,"date":"2025-02-15T14:43:44","date_gmt":"2025-02-15T11:43:44","guid":{"rendered":"https:\/\/www.egemtv.com\/?p=19184"},"modified":"2025-02-15T14:43:50","modified_gmt":"2025-02-15T11:43:50","slug":"mugla-buyuksehirin-yerel-tohum-dagitimi-devam-ediyor","status":"publish","type":"post","link":"https:\/\/www.egemtv.com\/?p=19184","title":{"rendered":"Mu\u011fla B\u00fcy\u00fck\u015fehir\u2019in yerel tohum da\u011f\u0131t\u0131m\u0131 devam ediyor"},"content":{"rendered":"<p>2016 y\u0131l\u0131nda Mu\u011fla B\u00fcy\u00fck\u015fehir Belediyesi taraf\u0131ndan \u2018Yerel Tohum, Ulusal G\u00fc\u00e7\u2019 slogan\u0131yla ba\u015flat\u0131lan proje kapsam\u0131nda bug\u00fcne kadar toplam 19 milyon tohum da\u011f\u0131t\u0131ld\u0131. 2025 y\u0131l\u0131nda da\u011f\u0131t\u0131lacak 2 Milyon tohumla bu say\u0131 21 milyona ula\u015facak. Proje t\u00fcm T\u00fcrkiye\u2019de yerel tohum fark\u0131ndal\u0131\u011f\u0131 olu\u015fturmak i\u00e7in yap\u0131l\u0131yor.<br \/>\n<br \/>Yerel Tohum Merkezi 980 \u00e7e\u015fit ata tohumuna ev sahipli\u011fi yap\u0131yor<br \/>\n<br \/>Mu\u011fla B\u00fcy\u00fck\u015fehir Belediyesi\u2019ne ba\u011fl\u0131 T\u0131bbi Aromatik Bitkiler ve Yerel Tohum Merkezi, bug\u00fcne kadar 980 farkl\u0131 yerel tohumu \u00fcreticiden al\u0131p test ederek koruma alt\u0131na ald\u0131. B\u00fcy\u00fck\u015fehir, 2025 y\u0131l\u0131 hedefleri do\u011frultusunda 2 milyon yerel tohumu vatanda\u015flara ula\u015ft\u0131rmay\u0131 ama\u00e7l\u0131yor. \u00dccretsiz tohum almak isteyen vatanda\u015flar, yereltohum.mugla.bel.tr adresinden ba\u015fvuru formunu doldurarak veya \u015eubat ay\u0131 i\u00e7erisinde Yerel Tohum Merkezi\u2019ni ziyaret ederek tohumlardan alabilecekler.<br \/>\n<br \/>Mu\u011fla genelinde \u00fcreticiler ve vatanda\u015flar B\u00fcy\u00fck\u015fehir Belediyesi\u2019nin yerel tohum projesine b\u00fcy\u00fck ilgi g\u00f6steriyor. Projeden faydalanan vatanda\u015flar, ata tohumlar\u0131n\u0131n korunmas\u0131 ve gelecek nesillere aktar\u0131lmas\u0131na y\u00f6nelik duyduklar\u0131 memnuniyeti dile getirdi.<br \/>\n<br \/>Her y\u0131l tohumlar\u0131n\u0131 B\u00fcy\u00fck\u015fehir Belediyesi\u2019nin merkezinden temin etti\u011fini belirten Enise \u00c7apan, &#8220;5-6 senedir geliyorum buradan tohum al\u0131yorum. Ahmet Aras ba\u015fkan\u0131ma da \u00e7ok te\u015fekk\u00fcr ediyorum. Yerel tohumun devam etmesini can\u0131 g\u00f6n\u00fclden diliyorum. \u00c7ocuklar\u0131m\u0131za aktarabilece\u011fimiz en g\u00fczel \u015fey budur, yerel tohumdur&#8221; dedi.<br \/>\n<br \/>Kavakl\u0131dere\u2019den tohum almak i\u00e7in merkeze geldi\u011fini belirten Recep Uysal, &#8220;\u00c7iftliklerim var. Lavanta yeti\u015ftiriyoruz. Ada \u00e7ay\u0131, da\u011f keki\u011fi. Bunlar\u0131 da gelip burada s\u0131kt\u0131r\u0131yoruz. Burada ayr\u0131ca s\u0131k\u0131m yerimiz var. Lavantalar\u0131m\u0131z\u0131n hem ya\u011f\u0131n\u0131, hem suyunu s\u0131kt\u0131r\u0131yoruz. Ayr\u0131ca da tohumlar\u0131m\u0131z\u0131 \u00e7iftlik i\u00e7in almaya geldik. Tohumlar\u0131 \u00e7o\u011faltma imkan\u0131m\u0131z oluyor. Yani Mu\u011fla B\u00fcy\u00fck\u015fehir\u2019in vermi\u015f oldu\u011fu b\u00fcy\u00fck bir hizmet buras\u0131&#8221; dedi.<br \/>\n<br \/>K\u0131y\u0131 Ege Belediyeler Birli\u011fi ve Mu\u011fla B\u00fcy\u00fck\u015fehir Belediye Ba\u015fkan\u0131 Ahmet Aras, ata tohumlar\u0131n\u0131n korunmas\u0131n\u0131n tar\u0131msal s\u00fcrd\u00fcr\u00fclebilirlik a\u00e7\u0131s\u0131ndan kritik \u00f6nem ta\u015f\u0131d\u0131\u011f\u0131n\u0131, ata tohumlar\u0131, ge\u00e7mi\u015ften g\u00fcn\u00fcm\u00fcze gelen en k\u0131ymetli tar\u0131msal miraslar\u0131m\u0131zda oldu\u011funu a\u00e7\u0131klad\u0131. Ba\u015fkan Aras, tohumlar\u0131 koruyarak gelecek nesillere aktarmak, sadece bir sorumluluk de\u011fil, ayn\u0131 zamanda tar\u0131msal ba\u011f\u0131ms\u0131zl\u0131\u011f\u0131n da teminat\u0131 oldu\u011funu s\u00f6yledi.<br \/><\/p>\n","protected":false},"excerpt":{"rendered":"<p>2016 y\u0131l\u0131nda Mu\u011fla B\u00fcy\u00fck\u015fehir Belediyesi taraf\u0131ndan \u2018Yerel Tohum, Ulusal G\u00fc\u00e7\u2019 slogan\u0131yla ba\u015flat\u0131lan proje kapsam\u0131nda bug\u00fcne kadar toplam 19 milyon tohum da\u011f\u0131t\u0131ld\u0131. 2025 y\u0131l\u0131nda da\u011f\u0131t\u0131lacak 2 Milyon tohumla bu say\u0131 21 milyona ula\u015facak. Proje t\u00fcm T\u00fcrkiye\u2019de yerel tohum fark\u0131ndal\u0131\u011f\u0131 olu\u015fturmak i\u00e7in yap\u0131l\u0131yor. Yerel Tohum Merkezi 980 \u00e7e\u015fit ata tohumuna ev sahipli\u011fi yap\u0131yor Mu\u011fla B\u00fcy\u00fck\u015fehir Belediyesi\u2019ne ba\u011fl\u0131&#8230;<\/p>\n","protected":false},"author":1,"featured_media":19185,"comment_status":"open","ping_status":"open","sticky":false,"template":"","format":"standard","meta":{"_crdt_document":"","footnotes":""},"categories":[125],"tags":[],"class_list":["post-19184","post","type-post","status-publish","format-standard","has-post-thumbnail","hentry","category-ekonomi"],"_links":{"self":[{"href":"https:\/\/www.egemtv.com\/index.php?rest_route=\/wp\/v2\/posts\/19184","targetHints":{"allow":["GET"]}}],"collection":[{"href":"https:\/\/www.egemtv.com\/index.php?rest_route=\/wp\/v2\/posts"}],"about":[{"href":"https:\/\/www.egemtv.com\/index.php?rest_route=\/wp\/v2\/types\/post"}],"author":[{"embeddable":true,"href":"https:\/\/www.egemtv.com\/index.php?rest_route=\/wp\/v2\/users\/1"}],"replies":[{"embeddable":true,"href":"https:\/\/www.egemtv.com\/index.php?rest_route=%2Fwp%2Fv2%2Fcomments&post=19184"}],"version-history":[{"count":1,"href":"https:\/\/www.egemtv.com\/index.php?rest_route=\/wp\/v2\/posts\/19184\/revisions"}],"predecessor-version":[{"id":19186,"href":"https:\/\/www.egemtv.com\/index.php?rest_route=\/wp\/v2\/posts\/19184\/revisions\/19186"}],"wp:featuredmedia":[{"embeddable":true,"href":"https:\/\/www.egemtv.com\/index.php?rest_route=\/wp\/v2\/media\/19185"}],"wp:attachment":[{"href":"https:\/\/www.egemtv.com\/index.php?rest_route=%2Fwp%2Fv2%2Fmedia&parent=19184"}],"wp:term":[{"taxonomy":"category","embeddable":true,"href":"https:\/\/www.egemtv.com\/index.php?rest_route=%2Fwp%2Fv2%2Fcategories&post=19184"},{"taxonomy":"post_tag","embeddable":true,"href":"https:\/\/www.egemtv.com\/index.php?rest_route=%2Fwp%2Fv2%2Ftags&post=19184"}],"curies":[{"name":"wp","href":"https:\/\/api.w.org\/{rel}","templated":true}]}}