{"id":19178,"date":"2025-02-15T14:26:23","date_gmt":"2025-02-15T11:26:23","guid":{"rendered":"https:\/\/www.egemtv.com\/?p=19178"},"modified":"2025-02-15T14:26:28","modified_gmt":"2025-02-15T11:26:28","slug":"ayesob-baskani-kunkcu-pazar-esnafi-ile-bir-araya-geldi","status":"publish","type":"post","link":"https:\/\/www.egemtv.com\/?p=19178","title":{"rendered":"AYESOB Ba\u015fkan\u0131 K\u00fcnkc\u00fc, pazar esnaf\u0131 ile bir araya geldi"},"content":{"rendered":"<p>AYESOB Ba\u015fkan\u0131 Muhammet Ali K\u00fcnkc\u00fc, Efeler\u2019deki Cumartesi Pazar\u0131\u2019n\u0131 ziyaret ederek pazarc\u0131 esnaf\u0131yla bir araya geldi. Esnaf\u0131n taleplerini dinleyen K\u00fcnkc\u00fc, hay\u0131rl\u0131 i\u015fler dileyerek bereketli kazan\u00e7lar temennisinde bulundu.<\/p>\n<p>Ayd\u0131n Esnaf ve Sanatkarlar Odalar\u0131 Birli\u011fi (AYESOB) Ba\u015fkan\u0131 Muhammet Ali K\u00fcnkc\u00fc, Ayd\u0131n Manavlar Odas\u0131\u2019n\u0131n d\u00fczenledi\u011fi geleneksel pilav hayr\u0131 \u00f6ncesinde pazarc\u0131 esnaf\u0131n\u0131 ziyaret etti. Tezgahlar\u0131 tek tek dola\u015farak esnaf\u0131n sorunlar\u0131n\u0131 dinleyen K\u00fcnkc\u00fc, birlik ve dayan\u0131\u015fman\u0131n \u00f6nemine vurgu yapt\u0131. Pazarc\u0131 esnaf\u0131n\u0131n beklentileri ve sekt\u00f6rde ya\u015fanan geli\u015fmeler hakk\u0131nda fikir al\u0131\u015fveri\u015finde bulunan K\u00fcnkc\u00fc, &#8220;Esnaf\u0131m\u0131z\u0131n her zaman yan\u0131nda olmaya devam edece\u011fiz. Pazar yerlerimizin daha iyi \u015fartlara kavu\u015fmas\u0131 ve esnaf\u0131m\u0131z\u0131n rahat \u00e7al\u0131\u015fabilmesi i\u00e7in elimizden geleni yap\u0131yoruz. T\u00fcm esnaflar\u0131m\u0131za bol kazan\u00e7l\u0131, bereketli g\u00fcnler diliyorum&#8221; dedi.<\/p>\n<p>Ziyaretin ard\u0131ndan Ayd\u0131n Manavlar Odas\u0131\u2019n\u0131n merhum \u00fcyeleri an\u0131s\u0131na d\u00fczenledi\u011fi geleneksel pilav hayr\u0131na ge\u00e7ildi. Etkinli\u011fe Ayd\u0131n Manavlar Odas\u0131 Ba\u015fkan\u0131 Yusuf Demirta\u015f, Ayd\u0131n Lokantac\u0131lar Odas\u0131 Ba\u015fkan\u0131 Ali Ongan ve Ayd\u0131n Bak\u0131rc\u0131lar Odas\u0131 Ba\u015fkan\u0131 Mehmet G\u00f6kcen de kat\u0131ld\u0131. Esnaf\u0131n ve vatanda\u015flar\u0131n yo\u011fun ilgi g\u00f6sterdi\u011fi programda birlik ve beraberlik mesajlar\u0131 verildi.<br \/><\/p>\n","protected":false},"excerpt":{"rendered":"<p>AYESOB Ba\u015fkan\u0131 Muhammet Ali K\u00fcnkc\u00fc, Efeler\u2019deki Cumartesi Pazar\u0131\u2019n\u0131 ziyaret ederek pazarc\u0131 esnaf\u0131yla bir araya geldi. Esnaf\u0131n taleplerini dinleyen K\u00fcnkc\u00fc, hay\u0131rl\u0131 i\u015fler dileyerek bereketli kazan\u00e7lar temennisinde bulundu. Ayd\u0131n Esnaf ve Sanatkarlar Odalar\u0131 Birli\u011fi (AYESOB) Ba\u015fkan\u0131 Muhammet Ali K\u00fcnkc\u00fc, Ayd\u0131n Manavlar Odas\u0131\u2019n\u0131n d\u00fczenledi\u011fi geleneksel pilav hayr\u0131 \u00f6ncesinde pazarc\u0131 esnaf\u0131n\u0131 ziyaret etti. Tezgahlar\u0131 tek tek dola\u015farak esnaf\u0131n sorunlar\u0131n\u0131&#8230;<\/p>\n","protected":false},"author":1,"featured_media":19179,"comment_status":"open","ping_status":"open","sticky":false,"template":"","format":"standard","meta":{"_crdt_document":"","footnotes":""},"categories":[1],"tags":[],"class_list":["post-19178","post","type-post","status-publish","format-standard","has-post-thumbnail","hentry","category-guncel"],"_links":{"self":[{"href":"https:\/\/www.egemtv.com\/index.php?rest_route=\/wp\/v2\/posts\/19178","targetHints":{"allow":["GET"]}}],"collection":[{"href":"https:\/\/www.egemtv.com\/index.php?rest_route=\/wp\/v2\/posts"}],"about":[{"href":"https:\/\/www.egemtv.com\/index.php?rest_route=\/wp\/v2\/types\/post"}],"author":[{"embeddable":true,"href":"https:\/\/www.egemtv.com\/index.php?rest_route=\/wp\/v2\/users\/1"}],"replies":[{"embeddable":true,"href":"https:\/\/www.egemtv.com\/index.php?rest_route=%2Fwp%2Fv2%2Fcomments&post=19178"}],"version-history":[{"count":1,"href":"https:\/\/www.egemtv.com\/index.php?rest_route=\/wp\/v2\/posts\/19178\/revisions"}],"predecessor-version":[{"id":19180,"href":"https:\/\/www.egemtv.com\/index.php?rest_route=\/wp\/v2\/posts\/19178\/revisions\/19180"}],"wp:featuredmedia":[{"embeddable":true,"href":"https:\/\/www.egemtv.com\/index.php?rest_route=\/wp\/v2\/media\/19179"}],"wp:attachment":[{"href":"https:\/\/www.egemtv.com\/index.php?rest_route=%2Fwp%2Fv2%2Fmedia&parent=19178"}],"wp:term":[{"taxonomy":"category","embeddable":true,"href":"https:\/\/www.egemtv.com\/index.php?rest_route=%2Fwp%2Fv2%2Fcategories&post=19178"},{"taxonomy":"post_tag","embeddable":true,"href":"https:\/\/www.egemtv.com\/index.php?rest_route=%2Fwp%2Fv2%2Ftags&post=19178"}],"curies":[{"name":"wp","href":"https:\/\/api.w.org\/{rel}","templated":true}]}}