{"id":19175,"date":"2025-02-15T14:18:36","date_gmt":"2025-02-15T11:18:36","guid":{"rendered":"https:\/\/www.egemtv.com\/?p=19175"},"modified":"2025-02-15T14:18:41","modified_gmt":"2025-02-15T11:18:41","slug":"muglada-ureticilere-meyve-agaclarinda-budama-egitimi-verildi","status":"publish","type":"post","link":"https:\/\/www.egemtv.com\/?p=19175","title":{"rendered":"Mu\u011fla\u2019da \u00fcreticilere meyve a\u011fa\u00e7lar\u0131nda budama e\u011fitimi verildi"},"content":{"rendered":"<p>Mu\u011fla \u0130l Tar\u0131m ve Orman M\u00fcd\u00fcrl\u00fc\u011f\u00fc, Mente\u015fe il\u00e7esi Kuyucak Mahallesi\u2019nde meyve a\u011fa\u00e7lar\u0131nda budama e\u011fitimi d\u00fczenlendi. Uzman personeller taraf\u0131ndan uygulamal\u0131 olarak verilen e\u011fitimde, budaman\u0131n meyve a\u011fa\u00e7lar\u0131n\u0131n getirisi \u00fczerindeki \u00f6nemli etkilerine anlat\u0131ld\u0131 .<\/p>\n<p>Uzmanlar, budaman\u0131n a\u011fa\u00e7lar\u0131n\u0131n sa\u011fl\u0131kl\u0131 geli\u015fimini, meyvelerin sundu\u011fu ve da\u011f\u0131t\u0131mla m\u00fccadelede \u00f6nemli bir rol oynad\u0131\u011f\u0131n\u0131 vurgulad\u0131. E\u011fitime kat\u0131lanlara fidan ve a\u011fa\u00e7 budama teknikleri hakk\u0131nda detayl\u0131 bilgiler aktar\u0131ld\u0131. E\u011fitimde, budama oranlar\u0131nda kullan\u0131lan aletlerin dezenfeksiyonunun b\u00fcy\u00fck \u00f6nem ta\u015f\u0131d\u0131\u011f\u0131na dikkat \u00e7ekildi. Uzmanlar, hastal\u0131klar\u0131n \u00f6nlenmesi amac\u0131yla budama aletlerinin d\u00fczenli olarak temizlenmesi ve dezenfekte edilmesi gerekti\u011fini belirtti.<br \/><\/p>\n","protected":false},"excerpt":{"rendered":"<p>Mu\u011fla \u0130l Tar\u0131m ve Orman M\u00fcd\u00fcrl\u00fc\u011f\u00fc, Mente\u015fe il\u00e7esi Kuyucak Mahallesi\u2019nde meyve a\u011fa\u00e7lar\u0131nda budama e\u011fitimi d\u00fczenlendi. Uzman personeller taraf\u0131ndan uygulamal\u0131 olarak verilen e\u011fitimde, budaman\u0131n meyve a\u011fa\u00e7lar\u0131n\u0131n getirisi \u00fczerindeki \u00f6nemli etkilerine anlat\u0131ld\u0131 . Uzmanlar, budaman\u0131n a\u011fa\u00e7lar\u0131n\u0131n sa\u011fl\u0131kl\u0131 geli\u015fimini, meyvelerin sundu\u011fu ve da\u011f\u0131t\u0131mla m\u00fccadelede \u00f6nemli bir rol oynad\u0131\u011f\u0131n\u0131 vurgulad\u0131. E\u011fitime kat\u0131lanlara fidan ve a\u011fa\u00e7 budama teknikleri hakk\u0131nda detayl\u0131&#8230;<\/p>\n","protected":false},"author":1,"featured_media":19176,"comment_status":"open","ping_status":"open","sticky":false,"template":"","format":"standard","meta":{"_crdt_document":"","footnotes":""},"categories":[1],"tags":[],"class_list":["post-19175","post","type-post","status-publish","format-standard","has-post-thumbnail","hentry","category-guncel"],"_links":{"self":[{"href":"https:\/\/www.egemtv.com\/index.php?rest_route=\/wp\/v2\/posts\/19175","targetHints":{"allow":["GET"]}}],"collection":[{"href":"https:\/\/www.egemtv.com\/index.php?rest_route=\/wp\/v2\/posts"}],"about":[{"href":"https:\/\/www.egemtv.com\/index.php?rest_route=\/wp\/v2\/types\/post"}],"author":[{"embeddable":true,"href":"https:\/\/www.egemtv.com\/index.php?rest_route=\/wp\/v2\/users\/1"}],"replies":[{"embeddable":true,"href":"https:\/\/www.egemtv.com\/index.php?rest_route=%2Fwp%2Fv2%2Fcomments&post=19175"}],"version-history":[{"count":1,"href":"https:\/\/www.egemtv.com\/index.php?rest_route=\/wp\/v2\/posts\/19175\/revisions"}],"predecessor-version":[{"id":19177,"href":"https:\/\/www.egemtv.com\/index.php?rest_route=\/wp\/v2\/posts\/19175\/revisions\/19177"}],"wp:featuredmedia":[{"embeddable":true,"href":"https:\/\/www.egemtv.com\/index.php?rest_route=\/wp\/v2\/media\/19176"}],"wp:attachment":[{"href":"https:\/\/www.egemtv.com\/index.php?rest_route=%2Fwp%2Fv2%2Fmedia&parent=19175"}],"wp:term":[{"taxonomy":"category","embeddable":true,"href":"https:\/\/www.egemtv.com\/index.php?rest_route=%2Fwp%2Fv2%2Fcategories&post=19175"},{"taxonomy":"post_tag","embeddable":true,"href":"https:\/\/www.egemtv.com\/index.php?rest_route=%2Fwp%2Fv2%2Ftags&post=19175"}],"curies":[{"name":"wp","href":"https:\/\/api.w.org\/{rel}","templated":true}]}}