{"id":19172,"date":"2025-02-15T14:17:36","date_gmt":"2025-02-15T11:17:36","guid":{"rendered":"https:\/\/www.egemtv.com\/?p=19172"},"modified":"2025-02-15T14:17:41","modified_gmt":"2025-02-15T11:17:41","slug":"muglaspor-liderlik-icin-balikesirspor-karsisina-cikiyor","status":"publish","type":"post","link":"https:\/\/www.egemtv.com\/?p=19172","title":{"rendered":"Mu\u011flaspor, liderlik i\u00e7in Bal\u0131kesirspor kar\u015f\u0131s\u0131na \u00e7\u0131k\u0131yor"},"content":{"rendered":"<p>TFF 3. Lig\u2019de \u015fampiyonluk m\u00fccadelesi veren Mu\u011flaspor, 16 \u015eubat 2025 Pazar g\u00fcn\u00fc Mu\u011fla Atat\u00fcrk Stadyumu\u2019nda Bal\u0131kesirspor\u2019u konuk edecek.<\/p>\n<p>Ligde \u00fcst s\u0131ralarda yer alan ba\u015far\u0131l\u0131 sonu\u00e7larla zirve takibini s\u00fcrd\u00fcren Mu\u011flaspor, teknik ekibi ve futbolcular\u0131yla yo\u011fun bir antrenman program\u0131 ge\u00e7irerek ma\u00e7a haz\u0131r hale geldi. Ye\u015fil-beyazl\u0131 ekip, taraftar deste\u011fiyle Bal\u0131kesirspor kar\u015f\u0131s\u0131nda kritik bir galibiyet almay\u0131 hedefliyor. Mu\u011flaspor\u2019un en b\u00fcy\u00fck destek\u00e7ilerinden olan Mu\u011fla 48 Gen\u00e7lik Taraftarlar Derne\u011fi, tak\u0131m\u0131na olan inanc\u0131n\u0131 dile getirdi. Dernek Ba\u015fkan\u0131 Ceyhun Ayd\u0131nl\u0131, m\u00fccadele \u00f6ncesinde, &#8220;Mu\u011flaspor kendi sahas\u0131nda oynayaca\u011f\u0131 liderlik kar\u015f\u0131la\u015fmas\u0131nda ba\u015far\u0131lar dileriz. Biz 48 Gen\u00e7lik olarak tak\u0131m\u0131m\u0131z\u0131n her zaman arkas\u0131nday\u0131z. \u0130n\u015fallah bu zorlu ma\u00e7\u0131 3 puanla tamamlayaca\u011f\u0131z.&#8221; dedi.<br \/><\/p>\n","protected":false},"excerpt":{"rendered":"<p>TFF 3. Lig\u2019de \u015fampiyonluk m\u00fccadelesi veren Mu\u011flaspor, 16 \u015eubat 2025 Pazar g\u00fcn\u00fc Mu\u011fla Atat\u00fcrk Stadyumu\u2019nda Bal\u0131kesirspor\u2019u konuk edecek. Ligde \u00fcst s\u0131ralarda yer alan ba\u015far\u0131l\u0131 sonu\u00e7larla zirve takibini s\u00fcrd\u00fcren Mu\u011flaspor, teknik ekibi ve futbolcular\u0131yla yo\u011fun bir antrenman program\u0131 ge\u00e7irerek ma\u00e7a haz\u0131r hale geldi. Ye\u015fil-beyazl\u0131 ekip, taraftar deste\u011fiyle Bal\u0131kesirspor kar\u015f\u0131s\u0131nda kritik bir galibiyet almay\u0131 hedefliyor. Mu\u011flaspor\u2019un en&#8230;<\/p>\n","protected":false},"author":1,"featured_media":19173,"comment_status":"open","ping_status":"open","sticky":false,"template":"","format":"standard","meta":{"_crdt_document":"","footnotes":""},"categories":[4],"tags":[],"class_list":["post-19172","post","type-post","status-publish","format-standard","has-post-thumbnail","hentry","category-spor"],"_links":{"self":[{"href":"https:\/\/www.egemtv.com\/index.php?rest_route=\/wp\/v2\/posts\/19172","targetHints":{"allow":["GET"]}}],"collection":[{"href":"https:\/\/www.egemtv.com\/index.php?rest_route=\/wp\/v2\/posts"}],"about":[{"href":"https:\/\/www.egemtv.com\/index.php?rest_route=\/wp\/v2\/types\/post"}],"author":[{"embeddable":true,"href":"https:\/\/www.egemtv.com\/index.php?rest_route=\/wp\/v2\/users\/1"}],"replies":[{"embeddable":true,"href":"https:\/\/www.egemtv.com\/index.php?rest_route=%2Fwp%2Fv2%2Fcomments&post=19172"}],"version-history":[{"count":1,"href":"https:\/\/www.egemtv.com\/index.php?rest_route=\/wp\/v2\/posts\/19172\/revisions"}],"predecessor-version":[{"id":19174,"href":"https:\/\/www.egemtv.com\/index.php?rest_route=\/wp\/v2\/posts\/19172\/revisions\/19174"}],"wp:featuredmedia":[{"embeddable":true,"href":"https:\/\/www.egemtv.com\/index.php?rest_route=\/wp\/v2\/media\/19173"}],"wp:attachment":[{"href":"https:\/\/www.egemtv.com\/index.php?rest_route=%2Fwp%2Fv2%2Fmedia&parent=19172"}],"wp:term":[{"taxonomy":"category","embeddable":true,"href":"https:\/\/www.egemtv.com\/index.php?rest_route=%2Fwp%2Fv2%2Fcategories&post=19172"},{"taxonomy":"post_tag","embeddable":true,"href":"https:\/\/www.egemtv.com\/index.php?rest_route=%2Fwp%2Fv2%2Ftags&post=19172"}],"curies":[{"name":"wp","href":"https:\/\/api.w.org\/{rel}","templated":true}]}}