{"id":19169,"date":"2025-02-15T14:17:30","date_gmt":"2025-02-15T11:17:30","guid":{"rendered":"https:\/\/www.egemtv.com\/?p=19169"},"modified":"2025-02-15T14:17:35","modified_gmt":"2025-02-15T11:17:35","slug":"muglada-7inci-hamsi-soleninde-5-ton-hamsi-dagitilacak","status":"publish","type":"post","link":"https:\/\/www.egemtv.com\/?p=19169","title":{"rendered":"Mu\u011fla\u2019da 7\u2019inci hamsi \u015e\u00f6leni\u2019nde 5 ton hamsi da\u011f\u0131t\u0131lacak"},"content":{"rendered":"<p>Mu\u011fla Karadenizliler Derne\u011fi taraf\u0131ndan geleneksel hale gelen Hamsi \u015e\u00f6leni\u2019nin 7\u2019ncisi, 21-23 \u015eubat 2025 tarihleri aras\u0131nda Mente\u015fe Kent Meydan\u0131\u2019nda ger\u00e7ekle\u015ftirilecek. \u00dc\u00e7 g\u00fcn boyunca s\u00fcrecek olan festivalde toplam 5 ton hamsi da\u011f\u0131t\u0131lacak.<\/p>\n<p>Mu\u011fla Karadenizliler Derne\u011fi Y\u00f6netim Kurulu Ba\u015fkan\u0131 Celal Karaka\u015f, \u015f\u00f6lenin tan\u0131t\u0131m\u0131 amac\u0131yla d\u00fczenlenen bas\u0131n toplant\u0131s\u0131nda etkinlik program\u0131n\u0131 a\u00e7\u0131klad\u0131. Derne\u011fin 2009 y\u0131l\u0131ndaki geli\u015fimini ve temel amac\u0131n\u0131n Mu\u011fla ile Karadeniz k\u00fclt\u00fcrlerini bir arada ya\u015fad\u0131\u011f\u0131n\u0131 ve ya\u015fatmak oldu\u011funu vurgulayan Karaka\u015f, &#8220;21 \u015eubat 2025 Cuma Saat 11.00\u2019de Mente\u015fe Belediyesi\u2019nin katk\u0131lar\u0131 ile haz\u0131rlanacak olan Mu\u011fla Tarhanas\u0131 ile ba\u015flay\u0131p y\u00f6resel sanat\u00e7\u0131lar ve halk oyunlar\u0131 g\u00f6sterilerinin yap\u0131lacak. 22 \u015eubat 2025 Cumartesi Mu\u011fla B\u00fcy\u00fck\u015fehir Belediyesi\u2019nin olu\u015fturdu\u011fu Tarhana Etkinli\u011fi, Karadeniz M\u0131hlama \u0130kram\u0131, Sanat\u00e7\u0131lar \u0130hsan Ayd\u0131n ve Onay \u015eahin konseri son olarak da 23 \u015eubat 2025 Pazar g\u00fcn\u00fc saat 11.00\u2019de 5 ton hamsi ikram\u0131, DALKO Ba\u015fkan\u0131 Arif Yal\u0131n\u2019\u0131n katk\u0131lar\u0131yla lokma etkinli\u011fi, Mu\u011fla ve Karadeniz halk oyunlar\u0131 g\u00f6sterileri ger\u00e7ekle\u015ftirilecek. Pazar g\u00fcn\u00fc ak\u015fam\u0131 saat 18.00\u2019de Karadeniz\u2019in g\u00fc\u00e7l\u00fc sesi Resul Dindar konseri ile \u015f\u00f6len sonland\u0131r\u0131lacak&#8221; dedi.<\/p>\n<p>Etkinlik s\u00fcrecinde desteklerini esirgemeyen Mu\u011fla Valisi Dr. \u0130dris Akb\u0131y\u0131k, Mu\u011fla B\u00fcy\u00fck\u015fehir Belediye Ba\u015fkan\u0131 Ahmet Aras, Mente\u015fe Kaymakam\u0131 Mehmet Eri\u015f, Mente\u015fe Belediye Ba\u015fkan\u0131 Gonca K\u00f6ksal ve T\u00fcrkiye Cumhuriyeti \u0130leti\u015fim Ba\u015fkanl\u0131\u011f\u0131 Mu\u011fla B\u00f6lge M\u00fcd\u00fcr\u00fc Ahmet Uzun\u2019a te\u015fekk\u00fcr eden Karaka\u015f, t\u00fcm Mu\u011flal\u0131lar\u0131 bu co\u015fkulu bulu\u015fmaya davet etti.<br \/><\/p>\n","protected":false},"excerpt":{"rendered":"<p>Mu\u011fla Karadenizliler Derne\u011fi taraf\u0131ndan geleneksel hale gelen Hamsi \u015e\u00f6leni\u2019nin 7\u2019ncisi, 21-23 \u015eubat 2025 tarihleri aras\u0131nda Mente\u015fe Kent Meydan\u0131\u2019nda ger\u00e7ekle\u015ftirilecek. \u00dc\u00e7 g\u00fcn boyunca s\u00fcrecek olan festivalde toplam 5 ton hamsi da\u011f\u0131t\u0131lacak. Mu\u011fla Karadenizliler Derne\u011fi Y\u00f6netim Kurulu Ba\u015fkan\u0131 Celal Karaka\u015f, \u015f\u00f6lenin tan\u0131t\u0131m\u0131 amac\u0131yla d\u00fczenlenen bas\u0131n toplant\u0131s\u0131nda etkinlik program\u0131n\u0131 a\u00e7\u0131klad\u0131. Derne\u011fin 2009 y\u0131l\u0131ndaki geli\u015fimini ve temel amac\u0131n\u0131n Mu\u011fla&#8230;<\/p>\n","protected":false},"author":1,"featured_media":19170,"comment_status":"open","ping_status":"open","sticky":false,"template":"","format":"standard","meta":{"_crdt_document":"","footnotes":""},"categories":[1],"tags":[],"class_list":["post-19169","post","type-post","status-publish","format-standard","has-post-thumbnail","hentry","category-guncel"],"_links":{"self":[{"href":"https:\/\/www.egemtv.com\/index.php?rest_route=\/wp\/v2\/posts\/19169","targetHints":{"allow":["GET"]}}],"collection":[{"href":"https:\/\/www.egemtv.com\/index.php?rest_route=\/wp\/v2\/posts"}],"about":[{"href":"https:\/\/www.egemtv.com\/index.php?rest_route=\/wp\/v2\/types\/post"}],"author":[{"embeddable":true,"href":"https:\/\/www.egemtv.com\/index.php?rest_route=\/wp\/v2\/users\/1"}],"replies":[{"embeddable":true,"href":"https:\/\/www.egemtv.com\/index.php?rest_route=%2Fwp%2Fv2%2Fcomments&post=19169"}],"version-history":[{"count":1,"href":"https:\/\/www.egemtv.com\/index.php?rest_route=\/wp\/v2\/posts\/19169\/revisions"}],"predecessor-version":[{"id":19171,"href":"https:\/\/www.egemtv.com\/index.php?rest_route=\/wp\/v2\/posts\/19169\/revisions\/19171"}],"wp:featuredmedia":[{"embeddable":true,"href":"https:\/\/www.egemtv.com\/index.php?rest_route=\/wp\/v2\/media\/19170"}],"wp:attachment":[{"href":"https:\/\/www.egemtv.com\/index.php?rest_route=%2Fwp%2Fv2%2Fmedia&parent=19169"}],"wp:term":[{"taxonomy":"category","embeddable":true,"href":"https:\/\/www.egemtv.com\/index.php?rest_route=%2Fwp%2Fv2%2Fcategories&post=19169"},{"taxonomy":"post_tag","embeddable":true,"href":"https:\/\/www.egemtv.com\/index.php?rest_route=%2Fwp%2Fv2%2Ftags&post=19169"}],"curies":[{"name":"wp","href":"https:\/\/api.w.org\/{rel}","templated":true}]}}